{"id":25944,"date":"2022-10-31T11:06:11","date_gmt":"2022-10-31T16:06:11","guid":{"rendered":"https:\/\/esreviral.com\/?p=25944"},"modified":"2022-10-31T11:06:11","modified_gmt":"2022-10-31T16:06:11","slug":"osmel-rechazo-estar-en-la-celebracion-del-miss-venezuela-no-estare-como-un-simple-espectador","status":"publish","type":"post","link":"https:\/\/esreviral.com\/?p=25944","title":{"rendered":"Osmel rechaz\u00f3 estar en la celebraci\u00f3n del Miss Venezuela: \u00abno estar\u00e9 como un simple espectador\u00bb"},"content":{"rendered":"\n<p>El Miss Venezuela cumple 70 a\u00f1os de creaci\u00f3n, de los cuales m\u00e1s de la mitad fueron bajo la presidencia de Osmel Sousa, de quien se pensaba saldr\u00eda con su \u00faltimo respiro pero en 2018 finaliz\u00f3 su periodo ah\u00ed y desde entonces han habido muchos diatribas. <\/p>\n\n\n\n<p>El Zar de la Belleza, inform\u00f3 el s\u00e1bado 29-O, en video, que no participar\u00e1 en la celebraci\u00f3n del Miss Venezuela, a las que se unir\u00e1n Maite Delgado y Daniel Sarcos en la animaci\u00f3n. <\/p>\n\n\n\n<p>\u201cAclaratoria. Muchas mises me han llamado pregunt\u00e1ndome si voy a estar en la celebraci\u00f3n de los 70 a\u00f1os del Miss Venezuela, en el Poliedro. Ni\u00f1as quiero aclararles que no voy a estar en ese evento\u201d, dijo.<\/p>\n\n\n\n<p>Su posici\u00f3n es por \u201cuna sencilla raz\u00f3n: De esos 70 a\u00f1os del certamen, 50 son m\u00edos: 10 que estuve en una agencia de publicidad haciendo una labor incre\u00edble\u2026 por eso fue que me dieron el concurso a m\u00ed y no a otro; y <strong>40 que estuve en el Miss Venezuela, teniendo todos los \u00e9xitos que todos ustedes saben\u201d.<\/strong><\/p>\n\n\n\n<p>Osmel manifest\u00f3: \u201c<strong>No voy a estar ah\u00ed sentado aplaudiendo mis propios \u00e9xitos, no pretender\u00e1n que voy a estar ah\u00ed como un simple espectador. <\/strong>\u00bfNo les parece rid\u00edculo eso?\u201d, pregunt\u00f3.<\/p>\n\n\n\n<p>Inform\u00f3 que a los organizadores <strong>les plante\u00f3 algo \u201cm\u00e1s importante\u201d y recibi\u00f3 un no como respuesta.<\/strong><\/p>\n\n\n\n<p>\u201cMe dijeron que solo iba a pasar por la alfombra roja. \u00bfAlfombra roja? He estado en los Grammy, premio Lo Nuestro, en Las Vegas, en Los \u00c1ngeles, \u00bfqu\u00e9 alfombra roja voy a hacer yo aqu\u00ed?\u201d, se\u00f1al\u00f3.<\/p>\n\n\n\n<p>Hace dos d\u00edas, sobre el certamen, a efectuarse el pr\u00f3ximo 16-N, el vicepresidente de producci\u00f3n de Venevisi\u00f3n, <strong>Hugo Carregal, adelant\u00f3 que participar\u00e1n, al menos, 6 exreinas de belleza, 7 artistas locales, y tendr\u00e1n numerosos invitados, <\/strong>entre los que mencion\u00f3 a Osmel Sousa.<\/p>\n\n\n\n<p>El s\u00e1bado, Osmel declar\u00f3 al periodista Luis Del Villar: <strong>\u201cYo me reun\u00ed con 2 directivos del canal (\u2026). Me invitaron a tomar un caf\u00e9 y ah\u00ed me hicieron la propuesta y puse algunas condiciones.<\/strong> En principio me agrad\u00f3 la idea, pero no result\u00f3 lo que yo esperaba. T\u00fa vas a esto y no nos la pongas muy dif\u00edcil\u201d.<\/p>\n\n\n\n<p>Para el\u201czar, \u201cera tan simple. Yo ped\u00ed entrar por el escenario (\u2026) Si Joaqu\u00edn (Riviera) estuviera vivo, me habr\u00eda puesto una capa de 5 metros\u201d, piensa.<\/p>\n\n\n\n<p>Seg\u00fan Osmel Sousa, el 16-N, fecha del concurso, no estar\u00e1 en el pa\u00eds. \u201cYa me compr\u00e9 mi pasaje (\u2026)\u201d, le asegur\u00f3.<\/p>\n\n\n\n<p><a href=\"https:\/\/www.instagram.com\/p\/CkRY7TDjopp\/\">Toca aqu\u00ed para ver el video<\/a><\/p>\n\n\n\n<p class=\"has-text-align-right\"><strong><em>Con informaci\u00f3n de El Pitazo.-<\/em><\/strong><\/p>\n","protected":false},"excerpt":{"rendered":"<p>\u201cera tan simple. Yo ped\u00ed entrar por el escenario (\u2026) Si Joaqu\u00edn (Riviera) estuviera vivo, me habr\u00eda puesto una capa de 5 metros\u201d<\/p>\n","protected":false},"author":2,"featured_media":25945,"comment_status":"open","ping_status":"open","sticky":false,"template":"","format":"standard","meta":{"jnews-multi-image_gallery":[],"jnews_single_post":[],"jnews_primary_category":[],"jnews_social_meta":[],"jnews_review":[],"enable_review":"","type":"","name":"","summary":"","brand":"","sku":"","good":[],"bad":[],"score_override":"","override_value":"","rating":[],"price":[],"jnews_override_counter":[],"jnews_post_split":[],"footnotes":""},"categories":[50],"tags":[476,912],"class_list":["post-25944","post","type-post","status-publish","format-standard","has-post-thumbnail","hentry","category-entretenimiento","tag-miss-venezuela","tag-osmel-sousa"],"amp_enabled":true,"_links":{"self":[{"href":"https:\/\/esreviral.com\/index.php?rest_route=\/wp\/v2\/posts\/25944"}],"collection":[{"href":"https:\/\/esreviral.com\/index.php?rest_route=\/wp\/v2\/posts"}],"about":[{"href":"https:\/\/esreviral.com\/index.php?rest_route=\/wp\/v2\/types\/post"}],"author":[{"embeddable":true,"href":"https:\/\/esreviral.com\/index.php?rest_route=\/wp\/v2\/users\/2"}],"replies":[{"embeddable":true,"href":"https:\/\/esreviral.com\/index.php?rest_route=%2Fwp%2Fv2%2Fcomments&post=25944"}],"version-history":[{"count":0,"href":"https:\/\/esreviral.com\/index.php?rest_route=\/wp\/v2\/posts\/25944\/revisions"}],"wp:featuredmedia":[{"embeddable":true,"href":"https:\/\/esreviral.com\/index.php?rest_route=\/"}],"wp:attachment":[{"href":"https:\/\/esreviral.com\/index.php?rest_route=%2Fwp%2Fv2%2Fmedia&parent=25944"}],"wp:term":[{"taxonomy":"category","embeddable":true,"href":"https:\/\/esreviral.com\/index.php?rest_route=%2Fwp%2Fv2%2Fcategories&post=25944"},{"taxonomy":"post_tag","embeddable":true,"href":"https:\/\/esreviral.com\/index.php?rest_route=%2Fwp%2Fv2%2Ftags&post=25944"}],"curies":[{"name":"wp","href":"https:\/\/api.w.org\/{rel}","templated":true}]}}