{"id":25934,"date":"2022-10-31T09:11:14","date_gmt":"2022-10-31T14:11:14","guid":{"rendered":"https:\/\/esreviral.com\/?p=25934"},"modified":"2022-10-31T09:11:14","modified_gmt":"2022-10-31T14:11:14","slug":"asociacion-de-enfermeros-venezolanos-hara-una-jornada-especial-de-salud","status":"publish","type":"post","link":"https:\/\/esreviral.com\/?p=25934","title":{"rendered":"Asociaci\u00f3n de Enfermeros venezolanos har\u00e1 una jornada especial de salud"},"content":{"rendered":"\n<p><strong><em>Carlos Iv\u00e1n Su\u00e1rez.-<\/em><\/strong> Los migrantes y refugiados que se encuentran en Argentina, ser\u00e1n beneficiados con <strong>una nueva jornada de salud integral comunitaria y gratuita que ofrecer\u00e1 la Asociaci\u00f3n de Enfermeros Venezolanos en Argentina, Asoenvear. <\/strong><\/p>\n\n\n\n<p>La jornada ser realizar\u00e1 el pr\u00f3ximo domingo 13 de noviembre a partir de las 12 del mediod\u00eda hasta las 05:00 p.m., en la iglesia Guadalupe, ubicada en <strong>Mansilla 3850 de la Ciudad de Buenos Aires,<\/strong> donde aspiran atender a entre 300 y 500 personas.<\/p>\n\n\n\n<figure class=\"wp-block-image size-large\"><img decoding=\"async\" src=\"http:\/\/esreviral.com\/wp-content\/uploads\/2022\/10\/WhatsApp-Image-2022-10-31-at-9.28.19-AM-1024x766.jpeg\" alt=\"\" class=\"wp-image-25935\"\/><\/figure>\n\n\n\n<p>\u00abBrindaremos asistencia m\u00e9dica general y especializada, kinesiolog\u00eda, contenci\u00f3n emocional y apoyo psicosocial, nutrici\u00f3n y diet\u00e9tica, odontolog\u00eda, orientaci\u00f3n en im\u00e1genes radiol\u00f3gicas, pr\u00e1cticas de enfermer\u00eda, entre otras pr\u00e1cticas de la salud\u00bb, as\u00ed lo inform\u00f3 el presidente de Asoenvear, Christian S\u00e1nchez. <\/p>\n\n\n\n<p><strong>No es la primera vez que la asociaci\u00f3n de enfermeros organiza una actividad como esta,<\/strong> por eso en esta ocasi\u00f3n han ampliado los beneficios y brindar\u00e1n atenci\u00f3n primaria a la comunidad, apoyo al migrante y capacitaciones;  informaci\u00f3n para personas con discapacidad y sus derechos, adultos mayores y sus derechos, entre otras actividades de inter\u00e9s.<\/p>\n\n\n\n<figure class=\"wp-block-image size-large\"><img decoding=\"async\" src=\"https:\/\/esreviral.com\/wp-content\/uploads\/2022\/10\/WhatsApp-Image-2022-10-31-at-9.28.18-AM-1024x609.jpeg\" alt=\"\" class=\"wp-image-25936\"\/><\/figure>\n\n\n\n<p>De igual manera y como es costumbre, <strong>el Gobierno de la Ciudad a trav\u00e9s de la direcci\u00f3n de colectividade<\/strong>s a cargo de Mercedes B\u00e1rbara, estar\u00e1 presente con la Estaci\u00f3n Migrante. <\/p>\n\n\n\n<p>A ellos se unir\u00e1n la OIM, las organizaciones integrantes de la Federaci\u00f3n de Organizaciones de la Sociedad Civil de Venezolanos en Argentina, entre otras.  <\/p>\n\n\n\n<p>Quienes deseen inscribirse, <a href=\"https:\/\/docs.google.com\/forms\/d\/e\/1FAIpQLSc8Wo9DeGjyN1Ai0jVPzYRzpRjeG2BC8ntd4qZunQFhVLUTFg\/viewform\">pueden hacerlo presionando aqu\u00ed <\/a><\/p>\n","protected":false},"excerpt":{"rendered":"<p>Aspiran atender entre 300 y 500 personas<\/p>\n","protected":false},"author":2,"featured_media":25938,"comment_status":"open","ping_status":"open","sticky":false,"template":"","format":"standard","meta":{"jnews-multi-image_gallery":[],"jnews_single_post":[],"jnews_primary_category":[],"jnews_social_meta":[],"jnews_review":[],"enable_review":"","type":"","name":"","summary":"","brand":"","sku":"","good":[],"bad":[],"score_override":"","override_value":"","rating":[],"price":[],"jnews_override_counter":[],"jnews_post_split":[],"footnotes":""},"categories":[54],"tags":[44,5211,5212,45,67],"class_list":["post-25934","post","type-post","status-publish","format-standard","has-post-thumbnail","hentry","category-inmigracion","tag-argentina","tag-asociacion-de-enfermeros-venezolanos-en-argentina","tag-asoenvear","tag-noticias","tag-venezolanos-en-argentina"],"amp_enabled":true,"_links":{"self":[{"href":"https:\/\/esreviral.com\/index.php?rest_route=\/wp\/v2\/posts\/25934"}],"collection":[{"href":"https:\/\/esreviral.com\/index.php?rest_route=\/wp\/v2\/posts"}],"about":[{"href":"https:\/\/esreviral.com\/index.php?rest_route=\/wp\/v2\/types\/post"}],"author":[{"embeddable":true,"href":"https:\/\/esreviral.com\/index.php?rest_route=\/wp\/v2\/users\/2"}],"replies":[{"embeddable":true,"href":"https:\/\/esreviral.com\/index.php?rest_route=%2Fwp%2Fv2%2Fcomments&post=25934"}],"version-history":[{"count":0,"href":"https:\/\/esreviral.com\/index.php?rest_route=\/wp\/v2\/posts\/25934\/revisions"}],"wp:featuredmedia":[{"embeddable":true,"href":"https:\/\/esreviral.com\/index.php?rest_route=\/"}],"wp:attachment":[{"href":"https:\/\/esreviral.com\/index.php?rest_route=%2Fwp%2Fv2%2Fmedia&parent=25934"}],"wp:term":[{"taxonomy":"category","embeddable":true,"href":"https:\/\/esreviral.com\/index.php?rest_route=%2Fwp%2Fv2%2Fcategories&post=25934"},{"taxonomy":"post_tag","embeddable":true,"href":"https:\/\/esreviral.com\/index.php?rest_route=%2Fwp%2Fv2%2Ftags&post=25934"}],"curies":[{"name":"wp","href":"https:\/\/api.w.org\/{rel}","templated":true}]}}