{"id":25897,"date":"2022-10-31T07:19:38","date_gmt":"2022-10-31T12:19:38","guid":{"rendered":"https:\/\/esreviral.com\/?p=25897"},"modified":"2022-10-31T07:19:38","modified_gmt":"2022-10-31T12:19:38","slug":"alberto-fernandez-viaja-a-brasil-para-reunirse-con-lula-da-silva","status":"publish","type":"post","link":"https:\/\/esreviral.com\/?p=25897","title":{"rendered":"Alberto Fern\u00e1ndez viaja a Brasil para reunirse con Lula da Silva"},"content":{"rendered":"\n<p class=\"has-drop-cap\">El presidente Alberto Fern\u00e1ndez viaja esta ma\u00f1ana a San Pablo, Brasil, para encontrarse con el presidente electo Luiz In\u00e1cio Lula da Silva, quien se impuso en los comicios de este domingo frente a Jair Bolsonaro.<\/p>\n\n\n\n<p> Alberto Fern\u00e1ndez viaja acompa\u00f1ado por el ministro de Relaciones Exteriores, Comercio Internacional y Culto, Santiago Cafiero; el secretario general de la Presidencia, Julio Vitobello; la secretaria de Legal y T\u00e9cnica, Vilma Ibarra; la portavoz de la Presidencia, Gabriela Cerruti; y los diputados nacionales Eduardo Valdes y Carlos Heller.<\/p>\n\n\n\n<figure class=\"wp-block-image size-large\"><img decoding=\"async\" src=\"https:\/\/esreviral.com\/wp-content\/uploads\/2022\/10\/ECO_6448-1024x683.jpg\" alt=\"\" class=\"wp-image-25899\"\/><\/figure>\n","protected":false},"excerpt":{"rendered":"<p>El presidente Alberto Fern\u00e1ndez viaja esta ma\u00f1ana a San Pablo, Brasil, para encontrarse con el presidente electo Luiz In\u00e1cio Lula da Silva, quien se impuso en los comicios de este domingo frente a Jair Bolsonaro. Alberto Fern\u00e1ndez viaja acompa\u00f1ado por el ministro de Relaciones Exteriores, Comercio Internacional y Culto, Santiago Cafiero; el secretario general de [&hellip;]<\/p>\n","protected":false},"author":2,"featured_media":25898,"comment_status":"open","ping_status":"open","sticky":false,"template":"","format":"standard","meta":{"jnews-multi-image_gallery":[],"jnews_single_post":[],"jnews_primary_category":[],"jnews_social_meta":[],"jnews_review":[],"enable_review":"","type":"","name":"","summary":"","brand":"","sku":"","good":[],"bad":[],"score_override":"","override_value":"","rating":[],"price":[],"jnews_override_counter":[],"jnews_post_split":[],"footnotes":""},"categories":[59],"tags":[86,44,227,3824,45,3644],"class_list":["post-25897","post","type-post","status-publish","format-standard","has-post-thumbnail","hentry","category-politica","tag-alberto-fernandez","tag-argentina","tag-brasil","tag-lula-da-silva","tag-noticias","tag-viaje"],"_links":{"self":[{"href":"https:\/\/esreviral.com\/index.php?rest_route=\/wp\/v2\/posts\/25897","targetHints":{"allow":["GET"]}}],"collection":[{"href":"https:\/\/esreviral.com\/index.php?rest_route=\/wp\/v2\/posts"}],"about":[{"href":"https:\/\/esreviral.com\/index.php?rest_route=\/wp\/v2\/types\/post"}],"author":[{"embeddable":true,"href":"https:\/\/esreviral.com\/index.php?rest_route=\/wp\/v2\/users\/2"}],"replies":[{"embeddable":true,"href":"https:\/\/esreviral.com\/index.php?rest_route=%2Fwp%2Fv2%2Fcomments&post=25897"}],"version-history":[{"count":0,"href":"https:\/\/esreviral.com\/index.php?rest_route=\/wp\/v2\/posts\/25897\/revisions"}],"wp:featuredmedia":[{"embeddable":true,"href":"https:\/\/esreviral.com\/index.php?rest_route=\/"}],"wp:attachment":[{"href":"https:\/\/esreviral.com\/index.php?rest_route=%2Fwp%2Fv2%2Fmedia&parent=25897"}],"wp:term":[{"taxonomy":"category","embeddable":true,"href":"https:\/\/esreviral.com\/index.php?rest_route=%2Fwp%2Fv2%2Fcategories&post=25897"},{"taxonomy":"post_tag","embeddable":true,"href":"https:\/\/esreviral.com\/index.php?rest_route=%2Fwp%2Fv2%2Ftags&post=25897"}],"curies":[{"name":"wp","href":"https:\/\/api.w.org\/{rel}","templated":true}]}}