{"id":25789,"date":"2022-10-27T08:12:51","date_gmt":"2022-10-27T13:12:51","guid":{"rendered":"https:\/\/esreviral.com\/?p=25789"},"modified":"2022-10-27T08:12:51","modified_gmt":"2022-10-27T13:12:51","slug":"fotos-un-avion-de-latam-sufrio-graves-destrozos-por-una-tormenta-y-hubo-panico-a-bordo","status":"publish","type":"post","link":"https:\/\/esreviral.com\/?p=25789","title":{"rendered":"+FOTOS: un avi\u00f3n de LATAM sufri\u00f3 graves destrozos por una tormenta y hubo p\u00e1nico a bordo"},"content":{"rendered":"\n<p class=\"has-drop-cap\">Los pasajeros de un vuelo de LATAM que anoche iba de Brasil a Paraguay viviendo una\u00a0<strong>noche\u00a0de terror<\/strong>: el avi\u00f3n qued\u00f3 en medio de una fuerte tormenta y sufri\u00f3 graves destrozos.<\/p>\n\n\n\n<p>Hubo&nbsp;<strong>p\u00e1nico a bordo<\/strong>&nbsp;y muchos pasajeros grabaron el momento en el que se escucha el impacto de lo que parece ser una granizada contra la aeronave, que se sacude constantemente.<\/p>\n\n\n\n<p>El vuelo finalmente lleg\u00f3 a aeropuerto internacional Silvio Pettirossi de Luque, en Asunci\u00f3n, donde se comprob\u00f3 que\u00a0<strong>hab\u00eda perdido uno de los motores<\/strong>\u00a0como consecuencia de la tormenta.<\/p>\n\n\n\n<figure class=\"wp-block-image size-large\"><img decoding=\"async\" src=\"https:\/\/www.clarin.com\/img\/2022\/10\/27\/UOD7kd1q4_720x0__1.jpg\" alt=\"\"\/><\/figure>\n\n\n\n<p>La aeronave tambi\u00e9n perdi\u00f3 la parte frontal de su fuselaje y lleg\u00f3 con el\u00a0<strong>parabrisas destrozado<\/strong>, seg\u00fan reportaron medios locales.\u00a0<\/p>\n\n\n\n<figure class=\"wp-block-image size-large\"><img decoding=\"async\" src=\"https:\/\/www.clarin.com\/img\/2022\/10\/27\/zuFxSLbAh_720x0__1.jpg\" alt=\"\"\/><\/figure>\n\n\n\n<figure class=\"wp-block-image size-large\"><img decoding=\"async\" src=\"https:\/\/www.clarin.com\/img\/2022\/10\/27\/wQpqXgQjF_720x0__1.jpg\" alt=\"\"\/><\/figure>\n\n\n\n<figure class=\"wp-block-image size-large\"><img decoding=\"async\" src=\"https:\/\/www.clarin.com\/img\/2022\/10\/27\/rwlraR1MZ_720x0__1.jpg\" alt=\"\"\/><\/figure>\n\n\n\n<figure class=\"wp-block-image size-large\"><img decoding=\"async\" src=\"https:\/\/www.clarin.com\/img\/2022\/10\/27\/Few0tjsrR_720x0__1.jpg\" alt=\"\"\/><\/figure>\n\n\n\n<p>Noticia en desarrollo.<\/p>\n\n\n\n<p class=\"has-text-align-right\"><strong><em>Clar\u00edn.-<\/em><\/strong><\/p>\n","protected":false},"excerpt":{"rendered":"<p>Iba de Foz de Iguaz\u00fa a Asunci\u00f3n cuando qued\u00f3 en medio de un temporal. Perdi\u00f3 un motor y parte del fuselaje y lleg\u00f3 con el parabrisas destrozado.<\/p>\n","protected":false},"author":2,"featured_media":25790,"comment_status":"open","ping_status":"open","sticky":false,"template":"","format":"standard","meta":{"jnews-multi-image_gallery":[],"jnews_single_post":[],"jnews_primary_category":[],"jnews_social_meta":[],"jnews_review":[],"enable_review":"","type":"","name":"","summary":"","brand":"","sku":"","good":[],"bad":[],"score_override":"","override_value":"","rating":[],"price":[],"jnews_override_counter":[],"jnews_post_split":[],"footnotes":""},"categories":[64],"tags":[227,5169,45,5170,1602,1868,3149],"class_list":["post-25789","post","type-post","status-publish","format-standard","has-post-thumbnail","hentry","category-sucesos","tag-brasil","tag-destrozos","tag-noticias","tag-panico-a-bordo","tag-paraguay","tag-tormenta","tag-vuelo"],"amp_enabled":true,"_links":{"self":[{"href":"https:\/\/esreviral.com\/index.php?rest_route=\/wp\/v2\/posts\/25789"}],"collection":[{"href":"https:\/\/esreviral.com\/index.php?rest_route=\/wp\/v2\/posts"}],"about":[{"href":"https:\/\/esreviral.com\/index.php?rest_route=\/wp\/v2\/types\/post"}],"author":[{"embeddable":true,"href":"https:\/\/esreviral.com\/index.php?rest_route=\/wp\/v2\/users\/2"}],"replies":[{"embeddable":true,"href":"https:\/\/esreviral.com\/index.php?rest_route=%2Fwp%2Fv2%2Fcomments&post=25789"}],"version-history":[{"count":0,"href":"https:\/\/esreviral.com\/index.php?rest_route=\/wp\/v2\/posts\/25789\/revisions"}],"wp:featuredmedia":[{"embeddable":true,"href":"https:\/\/esreviral.com\/index.php?rest_route=\/"}],"wp:attachment":[{"href":"https:\/\/esreviral.com\/index.php?rest_route=%2Fwp%2Fv2%2Fmedia&parent=25789"}],"wp:term":[{"taxonomy":"category","embeddable":true,"href":"https:\/\/esreviral.com\/index.php?rest_route=%2Fwp%2Fv2%2Fcategories&post=25789"},{"taxonomy":"post_tag","embeddable":true,"href":"https:\/\/esreviral.com\/index.php?rest_route=%2Fwp%2Fv2%2Ftags&post=25789"}],"curies":[{"name":"wp","href":"https:\/\/api.w.org\/{rel}","templated":true}]}}