{"id":25673,"date":"2022-10-25T08:18:17","date_gmt":"2022-10-25T13:18:17","guid":{"rendered":"https:\/\/esreviral.com\/?p=25673"},"modified":"2022-10-25T08:18:17","modified_gmt":"2022-10-25T13:18:17","slug":"adidas-cancela-sus-contratos-con-kanye-west-por-sus-comentarios-antisemitas","status":"publish","type":"post","link":"https:\/\/esreviral.com\/?p=25673","title":{"rendered":"Adidas cancela sus contratos con Kanye West por sus comentarios antisemitas"},"content":{"rendered":"\n<p class=\"has-drop-cap\">Adidas anunci\u00f3 la ruptura de\u00a0su v\u00ednculo contractual con Kanye West, a ra\u00edz de las recientes declaraciones antisemitas y racistas del rapero.<\/p>\n\n\n\n<p>La marca de prendas deportivos oficializ\u00f3 su decisi\u00f3n mediante un comunicado, en el que expresa que \u201cno tolera el antisemitismo ni ning\u00fan otro tipo de discurso de odio\u201d.<\/p>\n\n\n\n<p>\u201cLas recientes declaraciones y acciones de Ye son inaceptables, odiosas y peligrosas\u201d, remarca el texto en otro de sus tramos.<\/p>\n\n\n\n<p>Por lo expuesto, Adidas descontinuar\u00e1 \u201cde inmediato\u201d el negocio de Yeezy, producto de su alianza con West.<\/p>\n\n\n\n<p>\u201cDada la fuerte estacionalidad del cuarto trimestre, es probable que esto tenga un impacto negativo a corto plazo de hasta 250 millones de euros en el beneficio neto de la compa\u00f1\u00eda en 2022\u2033, proyecta la \u201cmarca de las tres tiras\u201d.<\/p>\n\n\n\n<p>Por otro lado, interpreta que las declaraciones del exesposo de Kim Kardashian \u201cviolan los valores de la empresa como la diversidad y la inclusi\u00f3n, el respeto mutuo y la equidad\u201d.<\/p>\n\n\n\n<figure class=\"wp-block-image size-large\"><img decoding=\"async\" src=\"https:\/\/www.lavoz.com.ar\/resizer\/VgvaaqCMAZObO5lHYTFbuSZ2m9U=\/1023x1072\/smart\/cloudfront-us-east-1.images.arcpublishing.com\/grupoclarin\/WHR5275YZNFKLHU4DMRAHPIUSI.jpg\" alt=\"\"\/><\/figure>\n\n\n\n<p>\u201cDespu\u00e9s de una cuidadosa consideraci\u00f3n, la compa\u00f1\u00eda tom\u00f3 la decisi\u00f3n de poner fin a su asociaci\u00f3n con Ye con efecto inmediato. Eso significa que cesaremos la producci\u00f3n de productos de la marca Yeezy y suspenderemos todos los pagos a Ye y sus empresas\u201d, enfatiza.<\/p>\n\n\n\n<p>Kanye West lleg\u00f3 hasta aqu\u00ed luego de una serie de acciones repudiables.<\/p>\n\n\n\n<p>Una se produjo en una entrevista con el podcast Drink Champs, en la que dijo que George Floyd, el afroamericano asesinado por un polic\u00eda en Minneapolis en 2020, en realidad muri\u00f3 por consumo de droga y no por la asfixia que le provoc\u00f3 el polic\u00eda Derek Chauvin, tal como lo confirm\u00f3 la autopsia.<\/p>\n\n\n\n<p>Otra fue el haber vestido en un desfile de moda en Par\u00eds una remera con el mensaje \u201cWhite Lives Matter\u201d (\u201cLas vidas blancas importan\u201d), lema usado por supremacistas blancos en respuesta al movimiento contra el racismo \u201cBlack Lives Matter\u201d.<\/p>\n\n\n\n<p>Y en lo que respecta al antisemitismo, dijo que Jared Kushner, jud\u00edo y yerno de su \u201camigo\u201d (el expresidente Donald) Trump, estaba detr\u00e1s de unos tratados de paz en Oriente Medio gestados solo para \u201cganar dinero\u201d.<\/p>\n\n\n\n<p>\u201cNo creo que tengan la capacidad de hacer nada por su cuenta. Creo que nacieron con el dinero en la cabeza\u201d, se\u00f1al\u00f3 West, quien luego radicaliz\u00f3 el tono de sus comentarios contra los jud\u00edos y movi\u00f3 a Adidas a romper todo v\u00ednculo con \u00e9l.<\/p>\n\n\n\n<p class=\"has-text-align-right\"><strong><em>lavoz.com.ar.-<\/em><\/strong><\/p>\n","protected":false},"excerpt":{"rendered":"<p>En un comunicado, la \u201cmarca de las tres tiras\u201d asegur\u00f3 que lo no tolera este tipo de expresiones \u201cni ning\u00fan otro tipo de discurso de odio\u201d.<\/p>\n","protected":false},"author":2,"featured_media":25674,"comment_status":"open","ping_status":"open","sticky":false,"template":"","format":"standard","meta":{"jnews-multi-image_gallery":[],"jnews_single_post":[],"jnews_primary_category":[],"jnews_social_meta":[],"jnews_review":[],"enable_review":"","type":"","name":"","summary":"","brand":"","sku":"","good":[],"bad":[],"score_override":"","override_value":"","rating":[],"price":[],"jnews_override_counter":[],"jnews_post_split":[],"footnotes":""},"categories":[50],"tags":[5135,5136,4903,45],"class_list":["post-25673","post","type-post","status-publish","format-standard","has-post-thumbnail","hentry","category-entretenimiento","tag-adidas","tag-contrato","tag-kanye-west","tag-noticias"],"amp_enabled":true,"_links":{"self":[{"href":"https:\/\/esreviral.com\/index.php?rest_route=\/wp\/v2\/posts\/25673"}],"collection":[{"href":"https:\/\/esreviral.com\/index.php?rest_route=\/wp\/v2\/posts"}],"about":[{"href":"https:\/\/esreviral.com\/index.php?rest_route=\/wp\/v2\/types\/post"}],"author":[{"embeddable":true,"href":"https:\/\/esreviral.com\/index.php?rest_route=\/wp\/v2\/users\/2"}],"replies":[{"embeddable":true,"href":"https:\/\/esreviral.com\/index.php?rest_route=%2Fwp%2Fv2%2Fcomments&post=25673"}],"version-history":[{"count":0,"href":"https:\/\/esreviral.com\/index.php?rest_route=\/wp\/v2\/posts\/25673\/revisions"}],"wp:featuredmedia":[{"embeddable":true,"href":"https:\/\/esreviral.com\/index.php?rest_route=\/"}],"wp:attachment":[{"href":"https:\/\/esreviral.com\/index.php?rest_route=%2Fwp%2Fv2%2Fmedia&parent=25673"}],"wp:term":[{"taxonomy":"category","embeddable":true,"href":"https:\/\/esreviral.com\/index.php?rest_route=%2Fwp%2Fv2%2Fcategories&post=25673"},{"taxonomy":"post_tag","embeddable":true,"href":"https:\/\/esreviral.com\/index.php?rest_route=%2Fwp%2Fv2%2Ftags&post=25673"}],"curies":[{"name":"wp","href":"https:\/\/api.w.org\/{rel}","templated":true}]}}