{"id":25646,"date":"2022-10-25T06:53:18","date_gmt":"2022-10-25T11:53:18","guid":{"rendered":"https:\/\/esreviral.com\/?p=25646"},"modified":"2022-10-25T06:53:18","modified_gmt":"2022-10-25T11:53:18","slug":"rishi-sunak-se-convierte-en-el-primer-ministro-britanico","status":"publish","type":"post","link":"https:\/\/esreviral.com\/?p=25646","title":{"rendered":"Rishi Sunak se convierte en el primer ministro brit\u00e1nico"},"content":{"rendered":"\n<p class=\"has-drop-cap\">El conservador Rishi Sunak, de 42 a\u00f1os, se convirti\u00f3 este martes en el nuevo primer ministro del Reino Unido, tras ser recibido en el palacio de Buckingham por el rey Carlos III, quien le encomend\u00f3 formar un Gobierno.<\/p>\n\n\n\n<p>Sunak se reuni\u00f3 en el Palacio de Buckingham con el rey, que acababa de aceptar la renuncia de Liz Truss. El monarca tiene un papel ceremonial en el nombramiento de jefes de gobierno en la monarqu\u00eda constitucional brit\u00e1nica.<\/p>\n\n\n\n<figure class=\"wp-block-image size-large\"><img decoding=\"async\" src=\"https:\/\/www.clarin.com\/img\/2022\/10\/25\/CxuWK58_P_720x0__1.jpg\" alt=\"\"\/><\/figure>\n\n\n\n<p>Se esperaba que Sunak comenzara de inmediato a formar gobierno el martes para abordar una crisis econ\u00f3mica que ha hecho que millones de brit\u00e1nicos tengan problemas para comprar comida y pagar sus facturas energ\u00e9ticas.<\/p>\n\n\n\n<p>Sunak, el primer mandatario brit\u00e1nico de color, fue elegido el lunes como l\u00edder del Partido Conservador, que gobierna el pa\u00eds y trata de estabilizar tanto la econom\u00eda como su mermada popularidad tras el breve y desastroso mandato de Liz Truss.<\/p>\n\n\n\n<p>El lunes, a puertas cerradas, Sunak se dirigi\u00f3 a los diputados que lo eligieron por coronaci\u00f3n, en los salones del Comit\u00e9 1922 , en la C\u00e1mara de los Comunes. \u00abNosotros estamos unidos detr\u00e1s de una pol\u00edtica y no podemos tener la indulgencia de la divisi\u00f3n sobre la personalidad\u201d, dijo.<\/p>\n\n\n\n<p><strong>\u201cSolo tenemos una chance: Es unirse o morir\u00bb<\/strong>, fue el mensaje tras su \u201ccoronaci\u00f3n\u201d como premier. Descart\u00f3 una elecci\u00f3n general anticipada. \u201dNosotros no tenemos tiempo que perder\u201d, alert\u00f3, urgido para solucionar el vendaval de problemas que dej\u00f3 su antecesora,\u00a0Liz Truss, en sus 45 d\u00edas de gobierno, que la convirtieron en la\u00a0primer ministra m\u00e1s breve de la historia brit\u00e1nica.\u00a0<\/p>\n\n\n\n<p>Truss dej\u00f3 el cargo tras una comparecencia ante la residencia oficial del primer ministro, siete semanas despu\u00e9s de ser nombrada primera ministra por la reina Isabel II. La reina muri\u00f3 dos d\u00edas despu\u00e9s. Ahora su hijo ejercer\u00e1 la tarea ceremonial de aceptar la renuncia de Truss en el Palacio de Buckingham antes de pedir a Sunak que forme un gobierno.<\/p>\n\n\n\n<p>Truss defendi\u00f3 su estrategia de bajos impuestos y su breve mandato antes de salir por \u00faltima vez del n\u00famero 10 de Downing Street.<\/p>\n\n\n\n<figure class=\"wp-block-image size-large\"><img decoding=\"async\" src=\"https:\/\/www.clarin.com\/img\/2022\/10\/25\/iJ8MxHZWc_720x0__1.jpg\" alt=\"\"\/><\/figure>\n\n\n\n<p>\u00abEstoy m\u00e1s convencida que nunca de que debemos ser valientes y hacer frente a los problemas que se nos presentan\u00bb, dijo. Pese al caos en los mercados desencadenado por el plan presupuestario que present\u00f3 el 23 de septiembre, reiter\u00f3 su creencia en los principios de libre mercado de \u00abimpuestos m\u00e1s bajos\u00bb y \u00abproducir crecimiento\u00bb.<\/p>\n\n\n\n<p>Truss dese\u00f3 \u00e9xito a Sunak mientras Gran Breta\u00f1a&nbsp;<strong>\u00absigue atravesando una tormenta\u00bb<\/strong>.<\/p>\n\n\n\n<p><strong><span style=\"background-color:#a30003\" class=\"td_text_highlight_marker\">\u00abSe cometieron errores\u00bb<\/span><\/strong><\/p>\n\n\n\n<figure class=\"wp-block-image size-large\"><img decoding=\"async\" src=\"https:\/\/www.clarin.com\/img\/2022\/10\/25\/tTPW60sHd_720x0__1.jpg\" alt=\"\"\/><\/figure>\n\n\n\n<p>El primer discurso de Rishi Sunak como primer ministro fue breve pero contundente. \u00abAcept\u00e9 la invitaci\u00f3n de su majestad para formar un gobierno en su nombre. Ahora, nuestro pa\u00eds esta enfrentando una profunda crisis econ\u00f3mica, la matem\u00e1tica del Covid todav\u00eda permanece, la guerra de Putin en Ucrania ha desestabilizado los mercados y las cadenas de producci\u00f3n en todo el mundo\u00bb, dijo.<\/p>\n\n\n\n<p>\u00abQuiero rendir tributo a mi predecesora (Liz Truss), ella no estaba equivocada en querer hacer crecer las cifras de desarrollo en nuestro pa\u00eds. Es un objetivo noble. Y admiro su inquietud para crear un cambio. Pero se cometieron errores\u00bb, sostuvo.<\/p>\n\n\n\n<p>Sunak argument\u00f3 que no fueron errores se debieron a malas intenciones, todo lo contrario, pero fueron errores al final. \u00abYo he sido elegido por mi partido y como su primer ministro para arreglarlos\u00bb, sentenci\u00f3. \u00abEse trabajo empieza de inmediato, voy a poner la estabilidad econ\u00f3mica y la confianza en el centro de la agenda de este gobierno\u00bb, prometi\u00f3.<\/p>\n\n\n\n<figure class=\"wp-block-image size-large\"><img decoding=\"async\" src=\"https:\/\/www.clarin.com\/img\/2022\/10\/25\/KITnYWudp_720x0__1.jpg\" alt=\"\"\/><\/figure>\n\n\n\n<p>\u00abHabr\u00e1 decisiones dif\u00edciles que tomar, pero ustedes me vieron durante el Covid, haciendo todo lo que pude para proteger a las personas y los negocios; siempre hay l\u00edmites, hoy m\u00e1s que nunca, pero los prometo esto: voy a poner la misma compasi\u00f3n a los desaf\u00edos que enfrentamos hoy\u00bb, dijo Sunak.<\/p>\n\n\n\n<p>El nuevo primer ministro sostuvo que el gobierno que \u00e9l lidera no dejar\u00e1 a la pr\u00f3xima generaci\u00f3n (\u00aba sus hijos y nietos\u00bb, le dijo a los brit\u00e1nicos), una deuda que ellos no supieron pagar por ser muy d\u00e9biles. \u00abVoy a unir a nuestro pa\u00eds, no con palabras, con acciones. Voy a trabajar d\u00eda y noche para ustedes, este gobierno tendr\u00e1 integridad y profesionalismo en cada nivel\u00bb.<\/p>\n\n\n\n<p>\u00abLa confianza se gana y yo me voy a ganar la suya\u00bb, marc\u00f3 Sunak mirando a las c\u00e1maras apostadas frente a la residencia ubicada en el n\u00famero 10 de la calle Downing.<\/p>\n\n\n\n<p>En otra parte de su discurso se mostr\u00f3 agradecido con el exprimer ministro Boris Johnson, a cuya administraci\u00f3n renuncia marcando el comienzo de la crisis que sell\u00f3 la salida del exc\u00e9ntrico pol\u00edtico del poder. \u00abSiempre estar\u00e9 agradecido con Boris Johnson por sus incre\u00edbles logros como primer ministro, y agradezco su calidez y su generosidad de esp\u00edritu\u00bb, valor\u00f3.<\/p>\n\n\n\n<p>\u00abCreo que \u00e9l coincidir\u00eda en que el mandato que mi partido gan\u00f3 en 2019 no es propiedad de un solo individuo, es un mandato que nos pertenece y nos une a todos nosotros\u00bb, dijo.<\/p>\n\n\n\n<figure class=\"wp-block-image size-large\"><img decoding=\"async\" src=\"https:\/\/www.clarin.com\/img\/2022\/10\/25\/_9NkboH6Y_720x0__1.jpg\" alt=\"\"\/><figcaption>Todos los medios apostados para escuchar el primer discurso de Rishi Sunak como m\u00e1xima autoridad del gobierno brit\u00e1nico. Foto AP<\/figcaption><\/figure>\n\n\n\n<p>\u00abY el coraz\u00f3n de ese mandato es nuestro manifiesto: vamos a tener una NHS (servicio de salud) m\u00e1s fuerte, mejores escuelas, calles m\u00e1s seguras, control de nuestras fronteras, protecci\u00f3n de nuestro ambiente, protegiendo a nuestras fuerzas armadas, nivelando para arriba y construyendo una econom\u00eda que abrace las oportunidades de Brexit, donde los negocios invierte, innovan y crean trabajo, enumer\u00f3.<\/p>\n\n\n\n<p>Sunak afirm\u00f3 comprender que se vive un momento dificil en todo el pa\u00eds, sobre todo por los millones gastados para combatir el covid y por las consecuencias de la guerra. \u00abS\u00e9 lo complicada que es la situaci\u00f3n y entiendo que tengo trabajo que hacer para reinstaurar la confianza despu\u00e9s de todo lo que pas\u00f3\u00bb, agreg\u00f3.<\/p>\n\n\n\n<p>\u00abTodo lo que puedo decir es que no estoy intimidado, conozco el cargo que he aceptado y espero estar a la altura de las demandas. Cuando la oportunidad de servir se presenta, uno no puede cuestionar el momento, solo es voluntad. Me paro frente a ustedes, listo para llevar a nuestro pa\u00eds hacia el futuro, para poner sus necesidad por sobre la pol\u00edtica, para construir un gobierno que represente las mejores tradiciones\u00bb, expres\u00f3.\u00a0<\/p>\n\n\n\n<figure class=\"wp-block-image size-large\"><img decoding=\"async\" src=\"https:\/\/www.clarin.com\/redaccionfiler\/clarin\/infografia\/2022\/mundo\/10\/sunak-primeros-ministros-dk.jpg\" alt=\"\"\/><\/figure>\n\n\n\n<p class=\"has-text-align-right\"><strong><em>Clarin.-<\/em><\/strong><\/p>\n","protected":false},"excerpt":{"rendered":"<p>El exbanquero multimillonario y nieto de inmigrantes indios sucede el accidentado mandato de Liz Truss que apenas dur\u00f3 45 d\u00edas<\/p>\n","protected":false},"author":2,"featured_media":25647,"comment_status":"open","ping_status":"open","sticky":false,"template":"","format":"standard","meta":{"jnews-multi-image_gallery":[],"jnews_single_post":[],"jnews_primary_category":[],"jnews_social_meta":[],"jnews_review":[],"enable_review":"","type":"","name":"","summary":"","brand":"","sku":"","good":[],"bad":[],"score_override":"","override_value":"","rating":[],"price":[],"jnews_override_counter":[],"jnews_post_split":[],"footnotes":""},"categories":[88],"tags":[2529,5121,45,5122,4214,4121],"class_list":["post-25646","post","type-post","status-publish","format-standard","has-post-thumbnail","hentry","category-internacionales","tag-gran-bretana","tag-ministro-britanico","tag-noticias","tag-primer-ministro-britanico","tag-rey-carlos-iii","tag-rishi-sunak"],"amp_enabled":true,"_links":{"self":[{"href":"https:\/\/esreviral.com\/index.php?rest_route=\/wp\/v2\/posts\/25646"}],"collection":[{"href":"https:\/\/esreviral.com\/index.php?rest_route=\/wp\/v2\/posts"}],"about":[{"href":"https:\/\/esreviral.com\/index.php?rest_route=\/wp\/v2\/types\/post"}],"author":[{"embeddable":true,"href":"https:\/\/esreviral.com\/index.php?rest_route=\/wp\/v2\/users\/2"}],"replies":[{"embeddable":true,"href":"https:\/\/esreviral.com\/index.php?rest_route=%2Fwp%2Fv2%2Fcomments&post=25646"}],"version-history":[{"count":0,"href":"https:\/\/esreviral.com\/index.php?rest_route=\/wp\/v2\/posts\/25646\/revisions"}],"wp:featuredmedia":[{"embeddable":true,"href":"https:\/\/esreviral.com\/index.php?rest_route=\/"}],"wp:attachment":[{"href":"https:\/\/esreviral.com\/index.php?rest_route=%2Fwp%2Fv2%2Fmedia&parent=25646"}],"wp:term":[{"taxonomy":"category","embeddable":true,"href":"https:\/\/esreviral.com\/index.php?rest_route=%2Fwp%2Fv2%2Fcategories&post=25646"},{"taxonomy":"post_tag","embeddable":true,"href":"https:\/\/esreviral.com\/index.php?rest_route=%2Fwp%2Fv2%2Ftags&post=25646"}],"curies":[{"name":"wp","href":"https:\/\/api.w.org\/{rel}","templated":true}]}}