{"id":25624,"date":"2022-10-24T17:16:19","date_gmt":"2022-10-24T22:16:19","guid":{"rendered":"https:\/\/esreviral.com\/?p=25624"},"modified":"2022-10-24T17:16:19","modified_gmt":"2022-10-24T22:16:19","slug":"acusan-a-un-pastor-evangelico-de-abusar-de-una-nina-venezolana-en-argentina","status":"publish","type":"post","link":"https:\/\/esreviral.com\/?p=25624","title":{"rendered":"Acusan a un pastor evang\u00e9lico de abusar de una ni\u00f1a venezolana en Argentina"},"content":{"rendered":"\n<p><em><strong>Carlos Iv\u00e1n Su\u00e1rez.-<\/strong> <\/em>Un hombre de 58 a\u00f1os de edad, quien responde al nombre de <strong>Jorge Vega, fue denunciado ante la polic\u00eda de C\u00f3rdoba por presuntamente haber abusado de una ni\u00f1a venezolana de tan s\u00f3lo 11 a\u00f1os de edad. <\/strong><\/p>\n\n\n\n<p>El hombre, <strong>quien se desempe\u00f1a como Pastor evang\u00e9lico de la iglesia Casa del Rey David<\/strong>, se gan\u00f3 la confianza de los padres de la nena y en tres oportunidades <strong>\u00ababus\u00f3 de ella manose\u00e1ndola hasta el punto de bajarle la ropa interior e intentar penetrarla\u00bb,<\/strong> coment\u00f3 a <strong><em>ES RE VIRAL<\/em><\/strong> el padre de la ni\u00f1a, de nombre F\u00e9lix. <\/p>\n\n\n\n<p><strong>\u00abSe portaba bien con nosotros, quer\u00eda muchos a nuestros hijos, comenz\u00f3 trayendo regalos, dulces y se gan\u00f3 la confianza\u00bb,<\/strong> cuenta en medio de la molestia, el progenitor, quien es el cuidador de la iglesia mientras que su esposa es la que se encarga de la limpieza. <\/p>\n\n\n\n<p>Informaron que con esta <strong>ya son cuatro denuncias que hay en contra de Vega, todas por supuesto abuso a menores de edad, <\/strong>por lo cual se mantiene tras las rejas pero este martes podr\u00eda recibir un beneficio de casa por c\u00e1rcel. <\/p>\n\n\n\n<p><strong><span style=\"background-color:#9a1b22\" class=\"td_text_highlight_marker\">As\u00ed fue su actuaci\u00f3n<\/span><\/strong><\/p>\n\n\n\n<p>Todo comenz\u00f3 aproximadamente en julio de 2022, cuando la ni\u00f1a y su hermano menor de ocho a\u00f1os de edad,pelearon, por lo que sus padres se alteraron y el pastor intervino, as\u00ed que primero habl\u00f3 con el var\u00f3n en su oficina y luego pas\u00f3 con la ni\u00f1a. <\/p>\n\n\n\n<p><strong>\u00abCuando ella sali\u00f3 estaba molesta y llorando mucho. La mam\u00e1 le pregunt\u00f3 por lo que hab\u00eda ocurrido y ella no dijo nada. Luego el pastor nos explic\u00f3 que estaba as\u00ed porque \u00e9l disque la hab\u00eda rega\u00f1ado\u00bb.<\/strong> <\/p>\n\n\n\n<p>Desde ese momento, cuenta el padre de la menor, que <strong>ella tuvo una actitud extra\u00f1a para con \u00e9l y siempre estaba molesta. <\/strong><\/p>\n\n\n\n<p>Posteriormente, en septiembre, \u00abyo hab\u00eda salido de la iglesia y cuando regreso la ni\u00f1a no estaba. Pregunt\u00e9 por ella y el hermano me dice que <strong>el pastor se la llev\u00f3. Me molest\u00e9 mucho y cuando regres\u00f3 la rega\u00f1e, le dije que no pod\u00eda salir sin mi permiso. \u00c9l intervino y me pidi\u00f3 disculpas pero que no la rega\u00f1ara que a los ni\u00f1os se les da amor\u00bb. <\/strong><\/p>\n\n\n\n<p>La molestia de la ni\u00f1a era mayor. <strong>Ya no era la misma chiquilla social que acostumbraba ser. <\/strong><\/p>\n\n\n\n<p>Pas\u00f3 el tiempo y el pastor nuevamente, aprovech\u00e1ndose de la confianza que le ten\u00edan <strong>la invit\u00f3 a una supuesta pijamada en su casa, a lo que el padre se opuso, \u00ab\u00e9l insisti\u00f3, me molest\u00e9 y le reclam\u00e9 que lo que era con mis hijos era conmigo. <\/strong>Me manifestaba que era un actor de amor y una bendici\u00f3n compartir con la ni\u00f1a a quien le dar\u00eda ropa\u00bb. Finalmente no se la pudo llevar. <\/p>\n\n\n\n<p>Pasaron los d\u00edas y hace dos semanas, se encontraban en una reuni\u00f3n de la iglesia.<strong> La ni\u00f1a abrumada por lo que le estaba ocurriendo y sin poder decirle a nadie, por posibles amenazas del supuesto victimario empez\u00f3 a llorar. <\/strong><\/p>\n\n\n\n<p><strong>\u00abMe abraz\u00f3 dur\u00f3 y me expres\u00f3\u00bb:<\/strong> <\/p>\n\n\n\n<p>-Pap\u00e1 perd\u00f3name, te fall\u00e9.<\/p>\n\n\n\n<p>-\u00bfC\u00f3mo as\u00ed? <\/p>\n\n\n\n<p>-Pap\u00e1 el ap\u00f3stol abus\u00f3 de m\u00ed.<\/p>\n\n\n\n<p>-\u00bfC\u00f3mo es la cosa? <\/p>\n\n\n\n<p><strong>-S\u00ed, el ap\u00f3stol me viol\u00f3. Abus\u00f3 de m\u00ed. <\/strong><\/p>\n\n\n\n<p><strong>Aquellas palabras retumbaron en la mente de F\u00e9lix quien estaba dispuesto a hacer lo que fuese por defender a su hija<\/strong> pero se calm\u00f3 un poco y lo habl\u00f3 con su mujer para que conversara con la ni\u00f1a. <\/p>\n\n\n\n<figure class=\"wp-block-image size-large\"><img decoding=\"async\" src=\"https:\/\/esreviral.com\/wp-content\/uploads\/2022\/10\/IMG_1402-1024x1010.jpg\" alt=\"\" class=\"wp-image-25630\"\/><figcaption>El pastor Jorge Vega y su flamante esposa<\/figcaption><\/figure>\n\n\n\n<p><strong>\u00abLe dijo que efectivamente intento violarla pero no pudo porque le dol\u00eda pero s\u00ed la manose\u00f3\u00bb<\/strong>, cuenta el padre. <\/p>\n\n\n\n<p><strong>\u00abYo empec\u00e9 a hacerle seguimiento y efectivamente, el hombre la llamaba pero la ni\u00f1a lo evitaba.<\/strong> Hasta vino la mujer del pastor y le dec\u00eda a la nena que <code>no estuviese inventando cosas<\/code>. Pues, ya sospechaban lo que estaba pasando\u00bb. <\/p>\n\n\n\n<p>Luego el pastor se fue a la casa de la familia venezolana y comenz\u00f3, a decirles que no estuviese peleando. Que \u00e9l hab\u00eda notado como muchas discusiones,<strong> \u00abque el diablo estaba en nuestra familia pero ya no le cre\u00edamos nada, adem\u00e1s que sab\u00edamos todo\u00bb. <\/strong><\/p>\n\n\n\n<p>Finalmente, fue el jueves cuando denunciaron al hombre y al d\u00eda siguiente lo detuvieron <strong>\u00abporque ya tiene antecedentes por hechos similares. Ahora nuestro temor es que reciba un beneficio porque eso es lo que est\u00e1n buscando sus abogados<\/strong> de avalar que por la edad sufre de enfermedades y no puede estar en la comisar\u00eda\u00bb. <\/p>\n\n\n\n<p>Este martes, se determinar\u00e1 si el hombre de 58 a\u00f1os de edad, acusado en cuatro oportunidades de supuestas violaciones a menores continuar\u00e1 el debido proceso tras las rejas con el beneficio y comodidad de estar en su casa. <\/p>\n\n\n\n<figure class=\"wp-block-image size-large\"><img decoding=\"async\" src=\"https:\/\/esreviral.com\/wp-content\/uploads\/2022\/10\/Copia-de-Copia-de-Copia-de-Copia-de-Esreviral-1024x1024.png\" alt=\"\" class=\"wp-image-25628\"\/><\/figure>\n\n\n\n<p><strong><span style=\"background-color:#9a1b22\" class=\"td_text_highlight_marker\">Huy\u00f3 a Brasil en una oportunidad <\/span><\/strong><\/p>\n\n\n\n<p>Como este caso ha causado conmoci\u00f3n en la comunidad venezolana que reside en C\u00f3rdoba y en los hermanos evang\u00e9licos, salieron a relucir otras denuncias. <\/p>\n\n\n\n<p>La primera ser\u00eda por el supuesto abuso a una ni\u00f1a cuyos padres asist\u00edan a la iglesia. <strong>Ocurri\u00f3 hace unos seis a\u00f1os pero Vera habr\u00eda hu\u00eddo a Brasil donde estuvo dos meses aproximadamente y la investigaci\u00f3n no continu\u00f3. <\/strong><\/p>\n\n\n\n<p>Retorn\u00f3 y con el tiempo conoci\u00f3 a unos peruanos a quienes los ayud\u00f3 a devolverse a su pa\u00eds y hacer una iglesia all\u00e1. <strong>Estando en ese pa\u00eds, habr\u00eda cometido el mismo acto con otra menor,<\/strong> despu\u00e9s se vino a Argentina y aunque los padres de la ni\u00f1a lo buscaron e intentarlo meter preso, no pas\u00f3 a mayores porque el hecho se habr\u00eda cometido en Per\u00fa. <\/p>\n\n\n\n<p>Y luego fue con <strong>la hija de una hermana de la iglesia, quien habr\u00eda denunciado pero no pas\u00f3 nada. <\/strong><\/p>\n\n\n\n<p>Sin embargo, estos antecedentes fueron los necesarios para que el hombre est\u00e9 preso. <\/p>\n\n\n\n<p><strong><span style=\"background-color:#9a1b22\" class=\"td_text_highlight_marker\">C\u00f3mo se conocieron<\/span><\/strong><\/p>\n\n\n\n<p>Fue en 2020, cuando Felix y su familia, estaban buscando donde mudarse y como cosas del destino, se detuvieron a comprar unas empanadas y al entablar la conversa, se dieron cuenta que eran de la misma religi\u00f3n, as\u00ed que el hombre le ofreci\u00f3 ayuda y que fueran a la iglesia. <\/p>\n\n\n\n<p>En agosto de ese a\u00f1o, los venezolanos se fueron hasta el templo a vivir y ahora los quieren desalojar del lugar. <\/p>\n\n\n\n<p>\u00abPor el caso, la fiscal nos mand\u00f3 a un hotel donde nos estaban dando todo pero fue hasta el lunes. <strong>Ya hoy cuando regresamos, la mujer del sujeto lleg\u00f3 con unos colchones, queriendo sacarnos porque se iban a atraer a vivir a su hijastra con el marido\u00bb, <\/strong>cont\u00f3. <\/p>\n\n\n\n<p>\u00abA nosotros no nos pueden sacar por los ni\u00f1os pero adem\u00e1s de eso, los hermanos nos defendieron porque cuando ocurri\u00f3 el hecho en que \u00e9l se fue para Brasil, la iglesia se dividi\u00f3 y muchos creyeron en \u00e9l pero ahora la historia es distinta y hay m\u00e1s testimonios. <strong>De hecho, el padre de esa ni\u00f1a me contact\u00f3 y puso la denuncia nuevamente\u00bb. <\/strong><\/p>\n\n\n\n<p><a href=\"https:\/\/esreviral.com\/2021\/08\/18\/aprueban-el-juicio-para-garzon-martinez-acusado-de-abusar-de-una-venezolana\/\">APRUEBAN EL JUICIO PARA GARZ\u00d3N MART\u00cdNEZ, ACUSADO DE ABUSAR DE UNA VENEZOLANA<\/a><\/p>\n","protected":false},"excerpt":{"rendered":"<p>El sujeto est\u00e1 detenido y tiene cuatro denuncias por hechos similares a otras menores<\/p>\n","protected":false},"author":2,"featured_media":25629,"comment_status":"open","ping_status":"open","sticky":false,"template":"","format":"standard","meta":{"jnews-multi-image_gallery":[],"jnews_single_post":[],"jnews_primary_category":[],"jnews_social_meta":[],"jnews_review":[],"enable_review":"","type":"","name":"","summary":"","brand":"","sku":"","good":[],"bad":[],"score_override":"","override_value":"","rating":[],"price":[],"jnews_override_counter":[],"jnews_post_split":[],"footnotes":""},"categories":[54,64],"tags":[2222,398,3427,5117,522],"class_list":["post-25624","post","type-post","status-publish","format-standard","has-post-thumbnail","hentry","category-inmigracion","category-sucesos","tag-abuso-de-menores","tag-abuso-sexual","tag-abuso-sexual-a-una-menor","tag-pastor-evangelico","tag-violacion"],"amp_enabled":true,"_links":{"self":[{"href":"https:\/\/esreviral.com\/index.php?rest_route=\/wp\/v2\/posts\/25624"}],"collection":[{"href":"https:\/\/esreviral.com\/index.php?rest_route=\/wp\/v2\/posts"}],"about":[{"href":"https:\/\/esreviral.com\/index.php?rest_route=\/wp\/v2\/types\/post"}],"author":[{"embeddable":true,"href":"https:\/\/esreviral.com\/index.php?rest_route=\/wp\/v2\/users\/2"}],"replies":[{"embeddable":true,"href":"https:\/\/esreviral.com\/index.php?rest_route=%2Fwp%2Fv2%2Fcomments&post=25624"}],"version-history":[{"count":0,"href":"https:\/\/esreviral.com\/index.php?rest_route=\/wp\/v2\/posts\/25624\/revisions"}],"wp:featuredmedia":[{"embeddable":true,"href":"https:\/\/esreviral.com\/index.php?rest_route=\/"}],"wp:attachment":[{"href":"https:\/\/esreviral.com\/index.php?rest_route=%2Fwp%2Fv2%2Fmedia&parent=25624"}],"wp:term":[{"taxonomy":"category","embeddable":true,"href":"https:\/\/esreviral.com\/index.php?rest_route=%2Fwp%2Fv2%2Fcategories&post=25624"},{"taxonomy":"post_tag","embeddable":true,"href":"https:\/\/esreviral.com\/index.php?rest_route=%2Fwp%2Fv2%2Ftags&post=25624"}],"curies":[{"name":"wp","href":"https:\/\/api.w.org\/{rel}","templated":true}]}}