{"id":25622,"date":"2022-10-25T09:07:44","date_gmt":"2022-10-25T14:07:44","guid":{"rendered":"https:\/\/esreviral.com\/?p=25622"},"modified":"2022-10-25T09:07:44","modified_gmt":"2022-10-25T14:07:44","slug":"ninos-venezolanos-se-alzaron-con-medallas-de-bronce-en-en-el-mundial-de-taekwondo","status":"publish","type":"post","link":"https:\/\/esreviral.com\/?p=25622","title":{"rendered":"Ni\u00f1os venezolanos se alzaron con medallas de bronce en en el mundial de Taekwondo"},"content":{"rendered":"\n<p><strong>Otro triunfo se anot\u00f3 la comunidad venezolana este fin de semana, cuando el joven deportista, Santiago Yance, <\/strong>se colg\u00f3 la medalla de bronce en el campeonato mundial de taekwondo, realizado en Tecnolopolis, provincia de Buenos Aires. <\/p>\n\n\n\n<p>S<strong>antiago tiene 12 a\u00f1os de edad, y particip\u00f3 <meta charset=\"utf-8\">en la categor\u00eda cadetes juveniles entre 12 y 13 a\u00f1os,<\/strong> donde ocup\u00f3 el tercer puesto ante gran cantidad de contrincantes. <\/p>\n\n\n\n<p><strong>Este deportista venezolano con residencia en Argentina, pertenece al <meta charset=\"utf-8\">grupo Escorpio <\/strong>y ve clases en el Club Uni\u00f3n Florida<\/p>\n\n\n\n<p>Ya tiene cuatro a\u00f1os practicando esta disciplina deportiva y es una promesa de alto rendimiento en el deporte. <\/p>\n\n\n\n<p><strong><span style=\"background-color:#9a1b22\" class=\"td_text_highlight_marker\">Otra venezolana tambi\u00e9n lo logr\u00f3<\/span><\/strong><\/p>\n\n\n\n<p>Fabiana Mendoza, quien cuenta con 12 a\u00f1os de edad, tambi\u00e9n obtuvo una medalla de broce en este campeonato pero en la categor\u00eda en formas. <\/p>\n\n\n\n<p>La ni\u00f1a ya tiene un a\u00f1o entrenando la disciplina. <\/p>\n\n\n\n<figure class=\"wp-block-image size-full\"><img decoding=\"async\" src=\"https:\/\/esreviral.com\/wp-content\/uploads\/2022\/10\/2510erv.jpeg\" alt=\"\" class=\"wp-image-25679\"\/><\/figure>\n\n\n\n<p><\/p>\n","protected":false},"excerpt":{"rendered":"<p>Otro triunfo se anot\u00f3 la comunidad venezolana este fin de semana, cuando el joven deportista, Santiago Yance, se colg\u00f3 la medalla de bronce en el campeonato mundial de taekwondo, realizado en Tecnolopolis, provincia de Buenos Aires. Santiago tiene 12 a\u00f1os de edad, y particip\u00f3 en la categor\u00eda cadetes juveniles entre 12 y 13 a\u00f1os, donde [&hellip;]<\/p>\n","protected":false},"author":2,"featured_media":25681,"comment_status":"open","ping_status":"open","sticky":false,"template":"","format":"standard","meta":{"jnews-multi-image_gallery":[],"jnews_single_post":[],"jnews_primary_category":[],"jnews_social_meta":[],"jnews_review":[],"enable_review":"","type":"","name":"","summary":"","brand":"","sku":"","good":[],"bad":[],"score_override":"","override_value":"","rating":[],"price":[],"jnews_override_counter":[],"jnews_post_split":[],"footnotes":""},"categories":[48,54],"tags":[44,49,45,2239,67],"class_list":["post-25622","post","type-post","status-publish","format-standard","has-post-thumbnail","hentry","category-deportes","category-inmigracion","tag-argentina","tag-deportes","tag-noticias","tag-taekwondo","tag-venezolanos-en-argentina"],"amp_enabled":true,"_links":{"self":[{"href":"https:\/\/esreviral.com\/index.php?rest_route=\/wp\/v2\/posts\/25622"}],"collection":[{"href":"https:\/\/esreviral.com\/index.php?rest_route=\/wp\/v2\/posts"}],"about":[{"href":"https:\/\/esreviral.com\/index.php?rest_route=\/wp\/v2\/types\/post"}],"author":[{"embeddable":true,"href":"https:\/\/esreviral.com\/index.php?rest_route=\/wp\/v2\/users\/2"}],"replies":[{"embeddable":true,"href":"https:\/\/esreviral.com\/index.php?rest_route=%2Fwp%2Fv2%2Fcomments&post=25622"}],"version-history":[{"count":0,"href":"https:\/\/esreviral.com\/index.php?rest_route=\/wp\/v2\/posts\/25622\/revisions"}],"wp:featuredmedia":[{"embeddable":true,"href":"https:\/\/esreviral.com\/index.php?rest_route=\/"}],"wp:attachment":[{"href":"https:\/\/esreviral.com\/index.php?rest_route=%2Fwp%2Fv2%2Fmedia&parent=25622"}],"wp:term":[{"taxonomy":"category","embeddable":true,"href":"https:\/\/esreviral.com\/index.php?rest_route=%2Fwp%2Fv2%2Fcategories&post=25622"},{"taxonomy":"post_tag","embeddable":true,"href":"https:\/\/esreviral.com\/index.php?rest_route=%2Fwp%2Fv2%2Ftags&post=25622"}],"curies":[{"name":"wp","href":"https:\/\/api.w.org\/{rel}","templated":true}]}}