{"id":25613,"date":"2022-10-24T09:32:30","date_gmt":"2022-10-24T12:32:30","guid":{"rendered":"https:\/\/esreviral.com\/?p=25613"},"modified":"2022-10-24T09:32:30","modified_gmt":"2022-10-24T12:32:30","slug":"restablecen-el-servicio-de-internet-en-el-casco-central-de-las-tejerias","status":"publish","type":"post","link":"https:\/\/esreviral.com\/?p=25613","title":{"rendered":"Restablecen el servicio de internet en el Casco Central de Las Tejer\u00edas"},"content":{"rendered":"\n<p class=\"has-drop-cap\">El servicio de\u00a0Cantv\u00a0fue reestablecido en Las Tejer\u00edas-estado Aragua, este domingo, despu\u00e9s de que gran parte de esta localidad del municipio Santos Michelena se quedaran incomunicados tras el deslave ocurrido el pasado 8 de octubre.<\/p>\n\n\n\n<p>As\u00ed lo inform\u00f3 el mayor general Jes\u00fas Aldana, presidente de Cantv, quien supervis\u00f3 de primera mano los trabajos de conectividad realizados por obreros de la empresa estatal.<\/p>\n\n\n\n<p>Asegur\u00f3, que gran parte del Casco Central de\u00a0Las Tejer\u00edas\u00a0cuenta nuevamente con conectividad en los servicios Cantv. Asimismo, que implementaron la conexi\u00f3n del ABA ultra.<\/p>\n\n\n\n<p>Tambi\u00e9n se\u00f1al\u00f3 que Cantv prev\u00e9 poner en marcha la primera fase de reactivaci\u00f3n del servicio de telefon\u00eda e internet esta misma semana.<\/p>\n\n\n\n<p>\u00ab6.756 localidades, entre hogares, comercios e instituciones p\u00fablicas y empresas privadas, esta semana deber\u00edan tener activados todos sus servicios de conexi\u00f3n\u00bb, coment\u00f3 el funcionario.<\/p>\n\n\n\n<p>Por su parte, la segunda fase indic\u00f3 que se enfocar\u00e1 en la activaci\u00f3n de los servicios de telecomunicaciones en el resto del sector hasta el peaje de Las Tejer\u00edas. Finalmente, la fase final se basar\u00e1 en la atenci\u00f3n de la zona devastada.<\/p>\n\n\n\n<p>En ese sentido, indic\u00f3 que despu\u00e9s de que los \u00f3rganos del Estado terminen con las labores de limpieza se establecer\u00e1 el servicio ABA ultra en esas zonas.<\/p>\n\n\n\n<p class=\"has-text-align-right\"><strong><em>ElNacional.-<\/em><\/strong><\/p>\n","protected":false},"excerpt":{"rendered":"<p>El presidente de Cantv, Jes\u00fas Aldana, inform\u00f3 que la empresa estatal prev\u00e9 poner en marcha la primera fase de reactivaci\u00f3n del servicio de telefon\u00eda e internet esta misma semana<\/p>\n","protected":false},"author":2,"featured_media":25614,"comment_status":"open","ping_status":"open","sticky":false,"template":"","format":"standard","meta":{"jnews-multi-image_gallery":[],"jnews_single_post":[],"jnews_primary_category":[],"jnews_social_meta":[],"jnews_review":[],"enable_review":"","type":"","name":"","summary":"","brand":"","sku":"","good":[],"bad":[],"score_override":"","override_value":"","rating":[],"price":[],"jnews_override_counter":[],"jnews_post_split":[],"footnotes":""},"categories":[66],"tags":[5116,2107,4895,4890,45,56],"class_list":["post-25613","post","type-post","status-publish","format-standard","has-post-thumbnail","hentry","category-venezuela","tag-cantv","tag-deslave","tag-deslave-en-las-tejerias","tag-las-tejerias","tag-noticias","tag-venezuela"],"amp_enabled":true,"_links":{"self":[{"href":"https:\/\/esreviral.com\/index.php?rest_route=\/wp\/v2\/posts\/25613"}],"collection":[{"href":"https:\/\/esreviral.com\/index.php?rest_route=\/wp\/v2\/posts"}],"about":[{"href":"https:\/\/esreviral.com\/index.php?rest_route=\/wp\/v2\/types\/post"}],"author":[{"embeddable":true,"href":"https:\/\/esreviral.com\/index.php?rest_route=\/wp\/v2\/users\/2"}],"replies":[{"embeddable":true,"href":"https:\/\/esreviral.com\/index.php?rest_route=%2Fwp%2Fv2%2Fcomments&post=25613"}],"version-history":[{"count":0,"href":"https:\/\/esreviral.com\/index.php?rest_route=\/wp\/v2\/posts\/25613\/revisions"}],"wp:featuredmedia":[{"embeddable":true,"href":"https:\/\/esreviral.com\/index.php?rest_route=\/"}],"wp:attachment":[{"href":"https:\/\/esreviral.com\/index.php?rest_route=%2Fwp%2Fv2%2Fmedia&parent=25613"}],"wp:term":[{"taxonomy":"category","embeddable":true,"href":"https:\/\/esreviral.com\/index.php?rest_route=%2Fwp%2Fv2%2Fcategories&post=25613"},{"taxonomy":"post_tag","embeddable":true,"href":"https:\/\/esreviral.com\/index.php?rest_route=%2Fwp%2Fv2%2Ftags&post=25613"}],"curies":[{"name":"wp","href":"https:\/\/api.w.org\/{rel}","templated":true}]}}