{"id":25563,"date":"2022-10-22T09:39:02","date_gmt":"2022-10-22T12:39:02","guid":{"rendered":"https:\/\/esreviral.com\/?p=25563"},"modified":"2022-10-22T09:39:02","modified_gmt":"2022-10-22T12:39:02","slug":"cayo-un-abusador-de-menores-en-florencio-varela","status":"publish","type":"post","link":"https:\/\/esreviral.com\/?p=25563","title":{"rendered":"Cay\u00f3 un abusador de menores en Florencio Varela"},"content":{"rendered":"\n<p>La Polic\u00eda de la Ciudad detuvo en Florencio Varela, provincia de Buenos Aires, a <strong>un hombre con pedido de captura vigente por el delito de abuso sexual a una menor de edad.<\/strong><\/p>\n\n\n\n<p>Personal de la Divisi\u00f3n Capturas y Pr\u00f3fugos de la Polic\u00eda de la Ciudad llev\u00f3 a cabo un allanamiento en conjunto con efectivos de la Comisar\u00eda Tercera de Florencio Varela ordenado por el Tribunal Oral en lo Criminal N\u00famero 8, a cargo del doctor Rofrano y del Juzgado de Garant\u00edas N\u00famero 6 de Quilmes, en el marco de una causa por abuso sexual.<\/p>\n\n\n\n<p><br>El procedimiento se ejecut\u00f3 en un domicilio de la calle Boedo al 900, donde fue detenido el pr\u00f3fugo por sobre quien ca\u00eda la imputaci\u00f3n por <strong>\u201cabuso sexual agravado\u201d.<\/strong><\/p>\n\n\n\n<p><br>Cabe destacar que los il\u00edcitos se produjeron en el a\u00f1o 2009 cuando la v\u00edctima ten\u00eda menos de 18 a\u00f1os y conviv\u00eda con el imputado.<\/p>\n\n\n\n<p><br>Tras notificar a la Justicia, se aval\u00f3 lo actuado por el personal policial y se orden\u00f3 el traslado del imputado a la Ciudad de Buenos Aires para que sea juzgado.<\/p>\n\n\n\n<p class=\"has-text-align-right\"><strong><em>Prensa Polic\u00eda de la Ciudad.- <\/em><\/strong><\/p>\n\n\n\n<figure class=\"wp-block-embed is-type-video is-provider-youtube wp-block-embed-youtube wp-embed-aspect-16-9 wp-has-aspect-ratio\"><div class=\"wp-block-embed__wrapper\">\n<div class=\"jeg_video_container jeg_video_content\"><iframe title=\"2022 10 20 Captura de abusador en Florencio Varela\" width=\"500\" height=\"281\" src=\"https:\/\/www.youtube.com\/embed\/FbQTz_ShYJo?feature=oembed\" frameborder=\"0\" allow=\"accelerometer; autoplay; clipboard-write; encrypted-media; gyroscope; picture-in-picture; web-share\" referrerpolicy=\"strict-origin-when-cross-origin\" allowfullscreen><\/iframe><\/div>\n<\/div><\/figure>\n","protected":false},"excerpt":{"rendered":"<p>La Polic\u00eda de la Ciudad detuvo en Florencio Varela, provincia de Buenos Aires, a un hombre con pedido de captura vigente por el delito de abuso sexual a una menor de edad. Personal de la Divisi\u00f3n Capturas y Pr\u00f3fugos de la Polic\u00eda de la Ciudad llev\u00f3 a cabo un allanamiento en conjunto con efectivos de [&hellip;]<\/p>\n","protected":false},"author":2,"featured_media":25564,"comment_status":"open","ping_status":"open","sticky":false,"template":"","format":"standard","meta":{"jnews-multi-image_gallery":[],"jnews_single_post":[],"jnews_primary_category":[],"jnews_social_meta":[],"jnews_review":[],"enable_review":"","type":"","name":"","summary":"","brand":"","sku":"","good":[],"bad":[],"score_override":"","override_value":"","rating":[],"price":[],"jnews_override_counter":[],"jnews_post_split":[],"footnotes":""},"categories":[64],"tags":[398,44,45],"class_list":["post-25563","post","type-post","status-publish","format-standard","has-post-thumbnail","hentry","category-sucesos","tag-abuso-sexual","tag-argentina","tag-noticias"],"_links":{"self":[{"href":"https:\/\/esreviral.com\/index.php?rest_route=\/wp\/v2\/posts\/25563","targetHints":{"allow":["GET"]}}],"collection":[{"href":"https:\/\/esreviral.com\/index.php?rest_route=\/wp\/v2\/posts"}],"about":[{"href":"https:\/\/esreviral.com\/index.php?rest_route=\/wp\/v2\/types\/post"}],"author":[{"embeddable":true,"href":"https:\/\/esreviral.com\/index.php?rest_route=\/wp\/v2\/users\/2"}],"replies":[{"embeddable":true,"href":"https:\/\/esreviral.com\/index.php?rest_route=%2Fwp%2Fv2%2Fcomments&post=25563"}],"version-history":[{"count":0,"href":"https:\/\/esreviral.com\/index.php?rest_route=\/wp\/v2\/posts\/25563\/revisions"}],"wp:featuredmedia":[{"embeddable":true,"href":"https:\/\/esreviral.com\/index.php?rest_route=\/"}],"wp:attachment":[{"href":"https:\/\/esreviral.com\/index.php?rest_route=%2Fwp%2Fv2%2Fmedia&parent=25563"}],"wp:term":[{"taxonomy":"category","embeddable":true,"href":"https:\/\/esreviral.com\/index.php?rest_route=%2Fwp%2Fv2%2Fcategories&post=25563"},{"taxonomy":"post_tag","embeddable":true,"href":"https:\/\/esreviral.com\/index.php?rest_route=%2Fwp%2Fv2%2Ftags&post=25563"}],"curies":[{"name":"wp","href":"https:\/\/api.w.org\/{rel}","templated":true}]}}