{"id":2549,"date":"2020-12-14T12:39:06","date_gmt":"2020-12-14T12:39:06","guid":{"rendered":"http:\/\/esreviral.com\/?p=2549"},"modified":"2020-12-14T12:39:06","modified_gmt":"2020-12-14T12:39:06","slug":"coronaparty-desbarataron-una-fiesta-clandestina-con-66-personas","status":"publish","type":"post","link":"https:\/\/esreviral.com\/?p=2549","title":{"rendered":"Coronaparty: desbarataron una fiesta clandestina con 66 personas"},"content":{"rendered":"\n<p>La fiscal\u00eda nro. 7 a cargo de Matias de Sanctis lleva adelante la investigaci\u00f3n que se origin\u00f3 a partir de un relevamiento en redes sociales reslizado por el Cuerpo de Investigaciones Judiciales.<\/p>\n\n\n\n<p>Se tom\u00f3 conocimiento de un evento a realizarse durante todo el d\u00eda s\u00e1bado en una vivienda particular del barrio de Villa Ort\u00fazar. Desde la Agencia Gubernamental de Control de la Ciudad, informaron que el domicilio no cuenta con habilitaci\u00f3n alguna por parte del GCBA para el ejercicio de actividad comercial ni cultural.<\/p>\n\n\n\n<figure class=\"wp-block-image size-large\"><img decoding=\"async\" src=\"http:\/\/esreviral.com\/wp-content\/uploads\/2020\/12\/WhatsApp-Image-2020-12-14-at-7.50.52-AM-1.jpeg\" alt=\"\" class=\"wp-image-2550\"\/><\/figure>\n\n\n\n<p>En consecuencia, el fiscal solicit\u00f3 la inspecci\u00f3n del lugar en conjunto con la Direcci\u00f3n General de Fiscalizaci\u00f3n y Control y la Divisi\u00f3n Operaciones Especiales Requeridas por el Ministerio P\u00fablico, de Polic\u00eda de la Ciudad.<\/p>\n\n\n\n<p>66 personas fueron identificadas por personal de la Divisi\u00f3n Operaciones Especiales y la AGC clausur\u00f3 la propiedad habiendo detectado actividad comercial sin contar con un protocolo sanitario y medidas de seguridad.<\/p>\n\n\n\n<p class=\"has-text-align-right\"><strong><em>Prensa Ministerio P\u00fablico.-<\/em><\/strong><\/p>\n\n\n\n<figure class=\"wp-block-image size-large\"><img decoding=\"async\" src=\"http:\/\/esreviral.com\/wp-content\/uploads\/2020\/12\/WhatsApp-Image-2020-12-14-at-7.50.51-AM.jpeg\" alt=\"\" class=\"wp-image-2551\"\/><\/figure>\n","protected":false},"excerpt":{"rendered":"<p>esde la Agencia Gubernamental de Control de la Ciudad, informaron que el domicilio no cuenta con habilitaci\u00f3n alguna por parte del GCBA para el ejercicio de actividad comercial ni cultural<\/p>\n","protected":false},"author":2,"featured_media":2552,"comment_status":"open","ping_status":"open","sticky":false,"template":"","format":"standard","meta":{"jnews-multi-image_gallery":[],"jnews_single_post":[],"jnews_primary_category":[],"jnews_social_meta":[],"jnews_review":[],"enable_review":"","type":"","name":"","summary":"","brand":"","sku":"","good":[],"bad":[],"score_override":"","override_value":"","rating":[],"price":[],"jnews_override_counter":[],"jnews_post_split":[],"footnotes":""},"categories":[58,64],"tags":[124,77,45,125],"class_list":["post-2549","post","type-post","status-publish","format-standard","has-post-thumbnail","hentry","category-argentina","category-sucesos","tag-buenos-aires","tag-coronavirus","tag-noticias","tag-policiales"],"amp_enabled":true,"_links":{"self":[{"href":"https:\/\/esreviral.com\/index.php?rest_route=\/wp\/v2\/posts\/2549"}],"collection":[{"href":"https:\/\/esreviral.com\/index.php?rest_route=\/wp\/v2\/posts"}],"about":[{"href":"https:\/\/esreviral.com\/index.php?rest_route=\/wp\/v2\/types\/post"}],"author":[{"embeddable":true,"href":"https:\/\/esreviral.com\/index.php?rest_route=\/wp\/v2\/users\/2"}],"replies":[{"embeddable":true,"href":"https:\/\/esreviral.com\/index.php?rest_route=%2Fwp%2Fv2%2Fcomments&post=2549"}],"version-history":[{"count":0,"href":"https:\/\/esreviral.com\/index.php?rest_route=\/wp\/v2\/posts\/2549\/revisions"}],"wp:featuredmedia":[{"embeddable":true,"href":"https:\/\/esreviral.com\/index.php?rest_route=\/"}],"wp:attachment":[{"href":"https:\/\/esreviral.com\/index.php?rest_route=%2Fwp%2Fv2%2Fmedia&parent=2549"}],"wp:term":[{"taxonomy":"category","embeddable":true,"href":"https:\/\/esreviral.com\/index.php?rest_route=%2Fwp%2Fv2%2Fcategories&post=2549"},{"taxonomy":"post_tag","embeddable":true,"href":"https:\/\/esreviral.com\/index.php?rest_route=%2Fwp%2Fv2%2Ftags&post=2549"}],"curies":[{"name":"wp","href":"https:\/\/api.w.org\/{rel}","templated":true}]}}