{"id":2533,"date":"2020-12-12T23:53:47","date_gmt":"2020-12-12T23:53:47","guid":{"rendered":"http:\/\/esreviral.com\/?p=2533"},"modified":"2020-12-12T23:53:47","modified_gmt":"2020-12-12T23:53:47","slug":"diputado-wolf-me-da-verguenza-que-el-gobierno-argentino-se-abstuvo-en-la-oea","status":"publish","type":"post","link":"https:\/\/esreviral.com\/?p=2533","title":{"rendered":"Diputado Wolf: Me da verg\u00fcenza que el Gobierno argentino se abstuvo en la OEA"},"content":{"rendered":"\n<p><strong><em>CIS.- <\/em><\/strong>El diputado argentino, Waldo Wolf tambi\u00e9n se solidariz\u00f3 con la comunidad venezolana en Argentina y mostr\u00f3 su apoyo en la Facultad de derecho, donde acompa\u00f1\u00f3 a los presentes. <\/p>\n\n\n\n<p>Tambi\u00e9n hizo menci\u00f3n a la abstenci\u00f3n del gobierno argentino en la OEA para rechazar el fraude electoral del pasado seis de diciembre. <\/p>\n\n\n\n<p>!La verg\u00fcenza que me da el gobierno argentino que se abstuvo a condenar estas elecciones fraudulentas que han sido condenadas por las grandes mayor\u00edas del mundo, por muchos a\u00f1os nos solidarizamos con la democracia y hoy lo hace con una dictadura\u00bb.<\/p>\n","protected":false},"excerpt":{"rendered":"<p>CIS.- El diputado argentino, Waldo Wolf tambi\u00e9n se solidariz\u00f3 con la comunidad venezolana en Argentina y mostr\u00f3 su apoyo en la Facultad de derecho, donde acompa\u00f1\u00f3 a los presentes. Tambi\u00e9n hizo menci\u00f3n a la abstenci\u00f3n del gobierno argentino en la OEA para rechazar el fraude electoral del pasado seis de diciembre. !La verg\u00fcenza que me [&hellip;]<\/p>\n","protected":false},"author":2,"featured_media":2534,"comment_status":"open","ping_status":"open","sticky":false,"template":"","format":"standard","meta":{"jnews-multi-image_gallery":[],"jnews_single_post":[],"jnews_primary_category":[],"jnews_social_meta":[],"jnews_review":[],"enable_review":"","type":"","name":"","summary":"","brand":"","sku":"","good":[],"bad":[],"score_override":"","override_value":"","rating":[],"price":[],"jnews_override_counter":[],"jnews_post_split":[],"footnotes":""},"categories":[59],"tags":[44,319,123,45],"class_list":["post-2533","post","type-post","status-publish","format-standard","has-post-thumbnail","hentry","category-politica","tag-argentina","tag-consulta-popular","tag-informacion","tag-noticias"],"amp_enabled":true,"_links":{"self":[{"href":"https:\/\/esreviral.com\/index.php?rest_route=\/wp\/v2\/posts\/2533"}],"collection":[{"href":"https:\/\/esreviral.com\/index.php?rest_route=\/wp\/v2\/posts"}],"about":[{"href":"https:\/\/esreviral.com\/index.php?rest_route=\/wp\/v2\/types\/post"}],"author":[{"embeddable":true,"href":"https:\/\/esreviral.com\/index.php?rest_route=\/wp\/v2\/users\/2"}],"replies":[{"embeddable":true,"href":"https:\/\/esreviral.com\/index.php?rest_route=%2Fwp%2Fv2%2Fcomments&post=2533"}],"version-history":[{"count":0,"href":"https:\/\/esreviral.com\/index.php?rest_route=\/wp\/v2\/posts\/2533\/revisions"}],"wp:featuredmedia":[{"embeddable":true,"href":"https:\/\/esreviral.com\/index.php?rest_route=\/"}],"wp:attachment":[{"href":"https:\/\/esreviral.com\/index.php?rest_route=%2Fwp%2Fv2%2Fmedia&parent=2533"}],"wp:term":[{"taxonomy":"category","embeddable":true,"href":"https:\/\/esreviral.com\/index.php?rest_route=%2Fwp%2Fv2%2Fcategories&post=2533"},{"taxonomy":"post_tag","embeddable":true,"href":"https:\/\/esreviral.com\/index.php?rest_route=%2Fwp%2Fv2%2Ftags&post=2533"}],"curies":[{"name":"wp","href":"https:\/\/api.w.org\/{rel}","templated":true}]}}