{"id":25298,"date":"2022-10-17T18:40:30","date_gmt":"2022-10-17T21:40:30","guid":{"rendered":"https:\/\/esreviral.com\/?p=25298"},"modified":"2022-10-17T18:40:30","modified_gmt":"2022-10-17T21:40:30","slug":"videos-de-la-pelea-final-en-la-marcha-del-dia-de-la-lealta-peronista","status":"publish","type":"post","link":"https:\/\/esreviral.com\/?p=25298","title":{"rendered":"Videos de la pelea final en la marcha del D\u00eda de la lealta peronista"},"content":{"rendered":"\n<p>Este lunes diversos sectores estaban llamados a marchar en el centro de la ciudad de Buenos Aires, y todo estaba con normalidad hasta el final, cuando pasadas las 06 de la tarde, al parecer, un grupo de los manifestantes, habr\u00edan robado a los vendedores ambulantes, lo que desat\u00f3 una fuerte pelea. <\/p>\n\n\n\n<p>Seg\u00fan testigos del hecho, una persona result\u00f3 herida con arma blanca a la altura del cuello y fue atendido por el SAME. <\/p>\n\n\n\n<p>La polic\u00eda de la ciudad logr\u00f3 controlar la situaci\u00f3n. <\/p>\n\n\n\n<figure class=\"wp-block-embed is-type-rich is-provider-twitter wp-block-embed-twitter\"><div class=\"wp-block-embed__wrapper\">\n<blockquote class=\"twitter-tweet\" data-width=\"500\" data-dnt=\"true\"><p lang=\"es\" dir=\"ltr\"><a href=\"https:\/\/twitter.com\/hashtag\/17oct?src=hash&amp;ref_src=twsrc%5Etfw\">#17oct<\/a> Reportan Disturbios en la marcha por el d\u00eda de la lealtad peronista. En la Aav presidente roque Saenz pe\u00f1a al 700. Hay un herido por arma blanca que fue atendido por el same <a href=\"https:\/\/t.co\/nenmXzFlUe\">pic.twitter.com\/nenmXzFlUe<\/a><\/p>&mdash; ES RE VIRAL (@esreviral) <a href=\"https:\/\/twitter.com\/esreviral\/status\/1582123139789910016?ref_src=twsrc%5Etfw\">October 17, 2022<\/a><\/blockquote><script async src=\"https:\/\/platform.twitter.com\/widgets.js\" charset=\"utf-8\"><\/script>\n<\/div><\/figure>\n\n\n\n<figure class=\"wp-block-embed is-type-rich is-provider-twitter wp-block-embed-twitter\"><div class=\"wp-block-embed__wrapper\">\n<blockquote class=\"twitter-tweet\" data-width=\"500\" data-dnt=\"true\"><p lang=\"es\" dir=\"ltr\"><a href=\"https:\/\/twitter.com\/hashtag\/17oct?src=hash&amp;ref_src=twsrc%5Etfw\">#17oct<\/a> seg\u00fan testigos del hecho, habr\u00eda una pelea entre algunos asistentes a la marcha y vendedores ambulantes, quienes fueron robados. La polic\u00eda de la ciudad control\u00f3 la situaci\u00f3n <a href=\"https:\/\/t.co\/b4KqRkLl3K\">pic.twitter.com\/b4KqRkLl3K<\/a><\/p>&mdash; ES RE VIRAL (@esreviral) <a href=\"https:\/\/twitter.com\/esreviral\/status\/1582123572293931013?ref_src=twsrc%5Etfw\">October 17, 2022<\/a><\/blockquote><script async src=\"https:\/\/platform.twitter.com\/widgets.js\" charset=\"utf-8\"><\/script>\n<\/div><\/figure>\n","protected":false},"excerpt":{"rendered":"<p>Este lunes diversos sectores estaban llamados a marchar en el centro de la ciudad de Buenos Aires, y todo estaba con normalidad hasta el final, cuando pasadas las 06 de la tarde, al parecer, un grupo de los manifestantes, habr\u00edan robado a los vendedores ambulantes, lo que desat\u00f3 una fuerte pelea. Seg\u00fan testigos del hecho, [&hellip;]<\/p>\n","protected":false},"author":2,"featured_media":25299,"comment_status":"open","ping_status":"open","sticky":false,"template":"","format":"standard","meta":{"jnews-multi-image_gallery":[],"jnews_single_post":[],"jnews_primary_category":[],"jnews_social_meta":[],"jnews_review":[],"enable_review":"","type":"","name":"","summary":"","brand":"","sku":"","good":[],"bad":[],"score_override":"","override_value":"","rating":[],"price":[],"jnews_override_counter":[],"jnews_post_split":[],"footnotes":""},"categories":[58],"tags":[44,45,5010],"class_list":["post-25298","post","type-post","status-publish","format-standard","has-post-thumbnail","hentry","category-argentina","tag-argentina","tag-noticias","tag-peronismo"],"amp_enabled":true,"_links":{"self":[{"href":"https:\/\/esreviral.com\/index.php?rest_route=\/wp\/v2\/posts\/25298"}],"collection":[{"href":"https:\/\/esreviral.com\/index.php?rest_route=\/wp\/v2\/posts"}],"about":[{"href":"https:\/\/esreviral.com\/index.php?rest_route=\/wp\/v2\/types\/post"}],"author":[{"embeddable":true,"href":"https:\/\/esreviral.com\/index.php?rest_route=\/wp\/v2\/users\/2"}],"replies":[{"embeddable":true,"href":"https:\/\/esreviral.com\/index.php?rest_route=%2Fwp%2Fv2%2Fcomments&post=25298"}],"version-history":[{"count":0,"href":"https:\/\/esreviral.com\/index.php?rest_route=\/wp\/v2\/posts\/25298\/revisions"}],"wp:featuredmedia":[{"embeddable":true,"href":"https:\/\/esreviral.com\/index.php?rest_route=\/"}],"wp:attachment":[{"href":"https:\/\/esreviral.com\/index.php?rest_route=%2Fwp%2Fv2%2Fmedia&parent=25298"}],"wp:term":[{"taxonomy":"category","embeddable":true,"href":"https:\/\/esreviral.com\/index.php?rest_route=%2Fwp%2Fv2%2Fcategories&post=25298"},{"taxonomy":"post_tag","embeddable":true,"href":"https:\/\/esreviral.com\/index.php?rest_route=%2Fwp%2Fv2%2Ftags&post=25298"}],"curies":[{"name":"wp","href":"https:\/\/api.w.org\/{rel}","templated":true}]}}