{"id":2529,"date":"2020-12-12T23:46:49","date_gmt":"2020-12-12T23:46:49","guid":{"rendered":"http:\/\/esreviral.com\/?p=2529"},"modified":"2020-12-12T23:46:49","modified_gmt":"2020-12-12T23:46:49","slug":"patricia-bullrich-acompano-la-consulta-popular-en-argentina","status":"publish","type":"post","link":"https:\/\/esreviral.com\/?p=2529","title":{"rendered":"Patricia Bullrich acompa\u00f1\u00f3 la Consulta Popular en Argentina"},"content":{"rendered":"\n<p>CIS.- La presidenta del PRO en Argentina, Patricia Bullrich, se hizo presente en el punto de ratificaci\u00f3n de la Facultad de Derecho de Buenos Aires, donde expres\u00f3 su compromiso con la libertad de Venezuela. <\/p>\n\n\n\n<p>\u00abEs muy importante que hay muchos m\u00e1s venezolanos que quieren unas votaciones de verdad y no una parodia como la que se vivi\u00f3 hace una semana en Venezuela donde nadie fue a votar y tambi\u00e9n hubo mucha presi\u00f3n y la democracia es la voluntad popular en libertad, creo que esta consulta demuestra los millones de personas que quieren llegar a la libertad\u00bb<\/p>\n\n\n\n<p>Prosigui\u00f3, !aqu\u00ed hay algo profundo que es una defensa por la libertad y que hay un gobienro democratico y no una dictadura, por eso estamos aqu\u00ed como presidenta del PRO\u00bb.<\/p>\n\n\n\n<p>Adem\u00e1s se refiri\u00f3 a la abstenci\u00f3n del Gobierno argentino en la sesi\u00f3n de la OEA, la cual rechaz\u00f3: \u00abNosotros sacamos un slogan que es, el que calla otorga, el silencio del Gobierno argentino, estaba apoyando la dictadura de mADURO, debieron seguir la l\u00ednea que tra\u00eda Argentina con respecto a la situaci\u00f3n que vive Venezuela, como el informe de Michelle Bachellet que han violado los derechos humanos\u00bb<\/p>\n\n\n\n<figure class=\"wp-block-image size-large\"><img decoding=\"async\" src=\"http:\/\/esreviral.com\/wp-content\/uploads\/2020\/12\/20201212_151527-1024x576.jpg\" alt=\"\" class=\"wp-image-2530\"\/><\/figure>\n\n\n\n<p><\/p>\n","protected":false},"excerpt":{"rendered":"<p>CIS.- La presidenta del PRO en Argentina, Patricia Bullrich, se hizo presente en el punto de ratificaci\u00f3n de la Facultad de Derecho de Buenos Aires, donde expres\u00f3 su compromiso con la libertad de Venezuela. \u00abEs muy importante que hay muchos m\u00e1s venezolanos que quieren unas votaciones de verdad y no una parodia como la que [&hellip;]<\/p>\n","protected":false},"author":2,"featured_media":2531,"comment_status":"open","ping_status":"open","sticky":false,"template":"","format":"standard","meta":{"jnews-multi-image_gallery":[],"jnews_single_post":[],"jnews_primary_category":[],"jnews_social_meta":[],"jnews_review":[],"enable_review":"","type":"","name":"","summary":"","brand":"","sku":"","good":[],"bad":[],"score_override":"","override_value":"","rating":[],"price":[],"jnews_override_counter":[],"jnews_post_split":[],"footnotes":""},"categories":[58],"tags":[],"class_list":["post-2529","post","type-post","status-publish","format-standard","has-post-thumbnail","hentry","category-argentina"],"amp_enabled":true,"_links":{"self":[{"href":"https:\/\/esreviral.com\/index.php?rest_route=\/wp\/v2\/posts\/2529"}],"collection":[{"href":"https:\/\/esreviral.com\/index.php?rest_route=\/wp\/v2\/posts"}],"about":[{"href":"https:\/\/esreviral.com\/index.php?rest_route=\/wp\/v2\/types\/post"}],"author":[{"embeddable":true,"href":"https:\/\/esreviral.com\/index.php?rest_route=\/wp\/v2\/users\/2"}],"replies":[{"embeddable":true,"href":"https:\/\/esreviral.com\/index.php?rest_route=%2Fwp%2Fv2%2Fcomments&post=2529"}],"version-history":[{"count":0,"href":"https:\/\/esreviral.com\/index.php?rest_route=\/wp\/v2\/posts\/2529\/revisions"}],"wp:featuredmedia":[{"embeddable":true,"href":"https:\/\/esreviral.com\/index.php?rest_route=\/"}],"wp:attachment":[{"href":"https:\/\/esreviral.com\/index.php?rest_route=%2Fwp%2Fv2%2Fmedia&parent=2529"}],"wp:term":[{"taxonomy":"category","embeddable":true,"href":"https:\/\/esreviral.com\/index.php?rest_route=%2Fwp%2Fv2%2Fcategories&post=2529"},{"taxonomy":"post_tag","embeddable":true,"href":"https:\/\/esreviral.com\/index.php?rest_route=%2Fwp%2Fv2%2Ftags&post=2529"}],"curies":[{"name":"wp","href":"https:\/\/api.w.org\/{rel}","templated":true}]}}