{"id":25261,"date":"2022-10-17T10:26:09","date_gmt":"2022-10-17T13:26:09","guid":{"rendered":"https:\/\/esreviral.com\/?p=25261"},"modified":"2022-10-17T10:26:09","modified_gmt":"2022-10-17T13:26:09","slug":"inicia-la-semana-con-actos-y-marchas-en-toda-argentina-te-contamos-la-razon","status":"publish","type":"post","link":"https:\/\/esreviral.com\/?p=25261","title":{"rendered":"Inicia la semana con actos y marchas en toda Argentina, te contamos la raz\u00f3n"},"content":{"rendered":"\n<p>Los distintos sectores del peronismo que conforman el Frente de Todos (FdT) y un sindicalismo dividido conmemorar\u00e1n este lunes el D\u00eda de la Lealtad Peronista con m\u00faltiples actos y convocatorias, en el contexto del constante llamado a la unidad de la coalici\u00f3n que viene haciendo el presidente Alberto Fern\u00e1ndez.<\/p>\n\n\n\n<p>A 77 a\u00f1os de aquel 17 de octubre, cuando el pueblo trabajador sali\u00f3 a la calle desde las barriadas del conurbano y colm\u00f3 la Plaza de Mayo con el \u00fanico objetivo de pedir la liberaci\u00f3n del entonces coronel Juan Domingo Per\u00f3n, el peronismo presentar\u00e1 un mosaico de fotos similares pero con particularidades espec\u00edficas que est\u00e1n en pugna dentro del espacio, aunque prima la necesidad de la unidad ante las contiendas electorales del a\u00f1o pr\u00f3ximo.<\/p>\n\n\n\n<p>No habr\u00e1 una sola foto este 17: se realizar\u00e1 un&nbsp;<strong>acto en Obras Sanitarias que organizan los gremios de la CGT m\u00e1s cercanos a Alberto Fern\u00e1ndez<\/strong>, mientras que los&nbsp;<strong>sindicatos afines a la vicepresidenta Cristina Fern\u00e1ndez de Kirchner, junto a La C\u00e1mpora, el PJ bonaerense y otras organizaciones sociales, realizar\u00e1n una marcha a Plaza de Mayo<\/strong>.<\/p>\n\n\n\n<p>Tambi\u00e9n el Movimiento Evita y otras organizaciones sociales llevar\u00e1n a cabo un&nbsp;<strong>\u00abCabildo abierto\u00bb en La Matanza y, adem\u00e1s, las 62 Organizaciones Peronistas concretar\u00e1n un acto en La Plata<\/strong>, entre otros encuentros que habr\u00e1 en las provincias y en los municipios.<\/p>\n\n\n\n<p>Ante los diferentes actos, el ministro de Obras P\u00fablicas, Gabriel Katopodis, sostuvo que \u00aben todos esos lugares habr\u00e1 peronistas reafirmando lo mismo que se puso en disputa aquel 17 de octubre (de 1945), que una Argentina para pocos no es viable\u00bb.<\/p>\n\n\n\n<p class=\"has-text-align-right\"><strong><em>Telam.-<\/em><\/strong><\/p>\n","protected":false},"excerpt":{"rendered":"<p>Los distintos sectores del peronismo que conforman el Frente de Todos (FdT) y un sindicalismo dividido conmemorar\u00e1n este lunes el D\u00eda de la Lealtad Peronista con m\u00faltiples actos y convocatorias, en el contexto del constante llamado a la unidad de la coalici\u00f3n que viene haciendo el presidente Alberto Fern\u00e1ndez. A 77 a\u00f1os de aquel 17 [&hellip;]<\/p>\n","protected":false},"author":2,"featured_media":25262,"comment_status":"open","ping_status":"open","sticky":false,"template":"","format":"standard","meta":{"jnews-multi-image_gallery":[],"jnews_single_post":[],"jnews_primary_category":[],"jnews_social_meta":[],"jnews_review":[],"enable_review":"","type":"","name":"","summary":"","brand":"","sku":"","good":[],"bad":[],"score_override":"","override_value":"","rating":[],"price":[],"jnews_override_counter":[],"jnews_post_split":[],"footnotes":""},"categories":[58],"tags":[44,5009,102,45,5010],"class_list":["post-25261","post","type-post","status-publish","format-standard","has-post-thumbnail","hentry","category-argentina","tag-argentina","tag-dia-de-la-lealtad","tag-marcha","tag-noticias","tag-peronismo"],"amp_enabled":true,"_links":{"self":[{"href":"https:\/\/esreviral.com\/index.php?rest_route=\/wp\/v2\/posts\/25261"}],"collection":[{"href":"https:\/\/esreviral.com\/index.php?rest_route=\/wp\/v2\/posts"}],"about":[{"href":"https:\/\/esreviral.com\/index.php?rest_route=\/wp\/v2\/types\/post"}],"author":[{"embeddable":true,"href":"https:\/\/esreviral.com\/index.php?rest_route=\/wp\/v2\/users\/2"}],"replies":[{"embeddable":true,"href":"https:\/\/esreviral.com\/index.php?rest_route=%2Fwp%2Fv2%2Fcomments&post=25261"}],"version-history":[{"count":0,"href":"https:\/\/esreviral.com\/index.php?rest_route=\/wp\/v2\/posts\/25261\/revisions"}],"wp:featuredmedia":[{"embeddable":true,"href":"https:\/\/esreviral.com\/index.php?rest_route=\/"}],"wp:attachment":[{"href":"https:\/\/esreviral.com\/index.php?rest_route=%2Fwp%2Fv2%2Fmedia&parent=25261"}],"wp:term":[{"taxonomy":"category","embeddable":true,"href":"https:\/\/esreviral.com\/index.php?rest_route=%2Fwp%2Fv2%2Fcategories&post=25261"},{"taxonomy":"post_tag","embeddable":true,"href":"https:\/\/esreviral.com\/index.php?rest_route=%2Fwp%2Fv2%2Ftags&post=25261"}],"curies":[{"name":"wp","href":"https:\/\/api.w.org\/{rel}","templated":true}]}}