{"id":25225,"date":"2022-10-14T18:16:52","date_gmt":"2022-10-14T21:16:52","guid":{"rendered":"https:\/\/esreviral.com\/?p=25225"},"modified":"2022-10-14T18:16:52","modified_gmt":"2022-10-14T21:16:52","slug":"1390-dolares-enviaron-venezolanos-en-argentina-para-los-afectados-de-las-tejerias","status":"publish","type":"post","link":"https:\/\/esreviral.com\/?p=25225","title":{"rendered":"1390 d\u00f3lares enviaron venezolanos en Argentina para los afectados de Las Tejer\u00edas"},"content":{"rendered":"\n<p><strong><em>CIS.-<\/em><\/strong> La meta se super\u00f3. Durante poco m\u00e1s de 48 horas se emprendi\u00f3 una gran campa\u00f1a humanitaria de la comunidad venezolana en Argentina, iniciada por <strong><em>ES RE VIRAL<\/em><\/strong> junto con @soyleoneocolina , @psicointegrador , @5imondice , @javicoro y @fabio.jmenz a la que se unieron una serie de personalidades, organizaciones y sociedad en general para recolectar dinero y enviar a las familias afectadas y damnificadas por los deslaves ocurridos en Las Tejer\u00edas, estado Aragua. <\/p>\n\n\n\n<p>Finalmente, <strong>se recolectaron 420.043 pesos argentinos  y que gracias a remesas Soluciones Argentinas se enviaron a Venezuela un total de 1.391,69 d\u00f3lares<\/strong> que se transfirieron en bol\u00edvares en cinco transferencias  a la cuenta de C\u00e1ritas estado Aragua para un total de 12.220 y que el padre Pedro Hurtado, director de la organizaci\u00f3n, <strong>confirm\u00f3 la recepci\u00f3n del dinero,<\/strong> el cual ser\u00e1 usado para la adquisici\u00f3n de enseres, alimentos, ropa y lo que se necesite para los afectados. <\/p>\n\n\n\n<p>E<strong>l padre envi\u00f3 bendiciones a todas las personas que colaboraron de distintas maneras y agradeci\u00f3 el gesto para con los hermanos venezolanos. <\/strong><\/p>\n\n\n\n<p>Una vez m\u00e1s en nombre de la familia Re Viral y de todos los organizadores, <strong>GRACIAS<\/strong> por unirse y colaborar con quien m\u00e1s necesitan en este momento y que es una labor que se hace sin esperar nada a cambio. Hoy por ellos, ma\u00f1ana por nosotros. <\/p>\n\n\n\n<figure class=\"wp-block-image size-full\"><img decoding=\"async\" src=\"https:\/\/esreviral.com\/wp-content\/uploads\/2022\/10\/WhatsApp-Image-2022-10-14-at-12.40.22-PM-1.jpeg\" alt=\"\" class=\"wp-image-25226\"\/><\/figure>\n\n\n\n<figure class=\"wp-block-image size-full\"><img decoding=\"async\" src=\"https:\/\/esreviral.com\/wp-content\/uploads\/2022\/10\/WhatsApp-Image-2022-10-14-at-12.40.22-PM.jpeg\" alt=\"\" class=\"wp-image-25227\"\/><\/figure>\n\n\n\n<figure class=\"wp-block-image size-full\"><img decoding=\"async\" src=\"https:\/\/esreviral.com\/wp-content\/uploads\/2022\/10\/WhatsApp-Image-2022-10-14-at-12.40.23-PM-1.jpeg\" alt=\"\" class=\"wp-image-25228\"\/><\/figure>\n\n\n\n<figure class=\"wp-block-image size-full\"><img decoding=\"async\" src=\"https:\/\/esreviral.com\/wp-content\/uploads\/2022\/10\/WhatsApp-Image-2022-10-14-at-12.40.23-PM-2.jpeg\" alt=\"\" class=\"wp-image-25229\"\/><\/figure>\n\n\n\n<figure class=\"wp-block-image size-large\"><img decoding=\"async\" src=\"https:\/\/esreviral.com\/wp-content\/uploads\/2022\/10\/WhatsApp-Image-2022-10-14-at-12.40.23-PM-673x1024.jpeg\" alt=\"\" class=\"wp-image-25230\"\/><\/figure>\n","protected":false},"excerpt":{"rendered":"<p>El padre envi\u00f3 bendiciones a todas las personas que colaboraron de distintas maneras y agradeci\u00f3 el gesto para con los hermanos venezolanos<\/p>\n","protected":false},"author":2,"featured_media":25231,"comment_status":"open","ping_status":"open","sticky":false,"template":"","format":"standard","meta":{"jnews-multi-image_gallery":[],"jnews_single_post":[],"jnews_primary_category":[],"jnews_social_meta":[],"jnews_review":[],"enable_review":"","type":"","name":"","summary":"","brand":"","sku":"","good":[],"bad":[],"score_override":"","override_value":"","rating":[],"price":[],"jnews_override_counter":[],"jnews_post_split":[],"footnotes":""},"categories":[54],"tags":[44,4890,45,67,56],"class_list":["post-25225","post","type-post","status-publish","format-standard","has-post-thumbnail","hentry","category-inmigracion","tag-argentina","tag-las-tejerias","tag-noticias","tag-venezolanos-en-argentina","tag-venezuela"],"amp_enabled":true,"_links":{"self":[{"href":"https:\/\/esreviral.com\/index.php?rest_route=\/wp\/v2\/posts\/25225"}],"collection":[{"href":"https:\/\/esreviral.com\/index.php?rest_route=\/wp\/v2\/posts"}],"about":[{"href":"https:\/\/esreviral.com\/index.php?rest_route=\/wp\/v2\/types\/post"}],"author":[{"embeddable":true,"href":"https:\/\/esreviral.com\/index.php?rest_route=\/wp\/v2\/users\/2"}],"replies":[{"embeddable":true,"href":"https:\/\/esreviral.com\/index.php?rest_route=%2Fwp%2Fv2%2Fcomments&post=25225"}],"version-history":[{"count":0,"href":"https:\/\/esreviral.com\/index.php?rest_route=\/wp\/v2\/posts\/25225\/revisions"}],"wp:featuredmedia":[{"embeddable":true,"href":"https:\/\/esreviral.com\/index.php?rest_route=\/"}],"wp:attachment":[{"href":"https:\/\/esreviral.com\/index.php?rest_route=%2Fwp%2Fv2%2Fmedia&parent=25225"}],"wp:term":[{"taxonomy":"category","embeddable":true,"href":"https:\/\/esreviral.com\/index.php?rest_route=%2Fwp%2Fv2%2Fcategories&post=25225"},{"taxonomy":"post_tag","embeddable":true,"href":"https:\/\/esreviral.com\/index.php?rest_route=%2Fwp%2Fv2%2Ftags&post=25225"}],"curies":[{"name":"wp","href":"https:\/\/api.w.org\/{rel}","templated":true}]}}