{"id":24937,"date":"2022-10-09T12:11:09","date_gmt":"2022-10-09T15:11:09","guid":{"rendered":"https:\/\/esreviral.com\/?p=24937"},"modified":"2022-10-09T12:11:09","modified_gmt":"2022-10-09T15:11:09","slug":"liliana-morillo-aseguro-que-no-ira-al-funeral-de-su-padre-el-puma","status":"publish","type":"post","link":"https:\/\/esreviral.com\/?p=24937","title":{"rendered":"Liliana Morillo asegur\u00f3 que no ir\u00e1 al funeral de su padre, \u201cEl Puma\u201d"},"content":{"rendered":"\n<p>La actriz venezolana\u00a0<strong>Liliana Morillo<\/strong>\u00a0estuvo como invitada el pasado 2 de octubre, en una entrevista en el programa estadounidense\u00a0<strong><em>\u00a1Si\u00e9ntese quien pueda!<\/em><\/strong>\u00a0el cual conduce el presentador venezolano,\u00a0<strong>Carlos<\/strong>\u00a0<strong>Mesber<\/strong>.<\/p>\n\n\n\n<p>En medio de la entrevista, la criolla solt\u00f3 el yoyo con relaci\u00f3n a muchos temas que involucran a su padre el cantante\u00a0<strong>Jos\u00e9<\/strong>\u00a0<strong>Luis<\/strong>\u00a0<strong>Rodr\u00edguez<\/strong>\u00a0mejor conocido como \u201c<strong>El<\/strong>\u00a0<strong>Puma<\/strong>\u201d y la mala relaci\u00f3n que lleva con \u00e9l.<\/p>\n\n\n\n<p>La tambi\u00e9n cantante\u00a0<strong>Liliana<\/strong>\u00a0<strong>Morillo<\/strong>\u00a0revel\u00f3 una decisi\u00f3n que tom\u00f3 junto a su hermana,\u00a0<strong>Lilibeth<\/strong>\u00a0que sorprendi\u00f3 a sus fan\u00e1ticos, esto en una reciente entrevista en el programa de la cadena hispana de\u00a0<em><strong>Univisi\u00f3n<\/strong>\u00a0<\/em>donde la criolla tambi\u00e9n forma parte del equipo.<\/p>\n\n\n\n<p class=\"has-text-align-right\"><strong><em>Revista Ronda.-<\/em><\/strong><\/p>\n","protected":false},"excerpt":{"rendered":"<p>La actriz venezolana\u00a0Liliana Morillo\u00a0estuvo como invitada el pasado 2 de octubre, en una entrevista en el programa estadounidense\u00a0\u00a1Si\u00e9ntese quien pueda!\u00a0el cual conduce el presentador venezolano,\u00a0Carlos\u00a0Mesber. En medio de la entrevista, la criolla solt\u00f3 el yoyo con relaci\u00f3n a muchos temas que involucran a su padre el cantante\u00a0Jos\u00e9\u00a0Luis\u00a0Rodr\u00edguez\u00a0mejor conocido como \u201cEl\u00a0Puma\u201d y la mala relaci\u00f3n que [&hellip;]<\/p>\n","protected":false},"author":2,"featured_media":24938,"comment_status":"open","ping_status":"open","sticky":false,"template":"","format":"standard","meta":{"jnews-multi-image_gallery":[],"jnews_single_post":[],"jnews_primary_category":[],"jnews_social_meta":[],"jnews_review":[],"enable_review":"","type":"","name":"","summary":"","brand":"","sku":"","good":[],"bad":[],"score_override":"","override_value":"","rating":[],"price":[],"jnews_override_counter":[],"jnews_post_split":[],"footnotes":""},"categories":[50],"tags":[4874,4875,45,56],"class_list":["post-24937","post","type-post","status-publish","format-standard","has-post-thumbnail","hentry","category-entretenimiento","tag-jose-luis-rodriguez-2","tag-liliana-morillo","tag-noticias","tag-venezuela"],"amp_enabled":true,"_links":{"self":[{"href":"https:\/\/esreviral.com\/index.php?rest_route=\/wp\/v2\/posts\/24937"}],"collection":[{"href":"https:\/\/esreviral.com\/index.php?rest_route=\/wp\/v2\/posts"}],"about":[{"href":"https:\/\/esreviral.com\/index.php?rest_route=\/wp\/v2\/types\/post"}],"author":[{"embeddable":true,"href":"https:\/\/esreviral.com\/index.php?rest_route=\/wp\/v2\/users\/2"}],"replies":[{"embeddable":true,"href":"https:\/\/esreviral.com\/index.php?rest_route=%2Fwp%2Fv2%2Fcomments&post=24937"}],"version-history":[{"count":0,"href":"https:\/\/esreviral.com\/index.php?rest_route=\/wp\/v2\/posts\/24937\/revisions"}],"wp:featuredmedia":[{"embeddable":true,"href":"https:\/\/esreviral.com\/index.php?rest_route=\/"}],"wp:attachment":[{"href":"https:\/\/esreviral.com\/index.php?rest_route=%2Fwp%2Fv2%2Fmedia&parent=24937"}],"wp:term":[{"taxonomy":"category","embeddable":true,"href":"https:\/\/esreviral.com\/index.php?rest_route=%2Fwp%2Fv2%2Fcategories&post=24937"},{"taxonomy":"post_tag","embeddable":true,"href":"https:\/\/esreviral.com\/index.php?rest_route=%2Fwp%2Fv2%2Ftags&post=24937"}],"curies":[{"name":"wp","href":"https:\/\/api.w.org\/{rel}","templated":true}]}}