{"id":24934,"date":"2022-10-09T12:02:59","date_gmt":"2022-10-09T15:02:59","guid":{"rendered":"https:\/\/esreviral.com\/?p=24934"},"modified":"2022-10-09T12:02:59","modified_gmt":"2022-10-09T15:02:59","slug":"al-menos-dos-fallecidos-en-las-tejerias-por-desbordamiento-de-quebrada","status":"publish","type":"post","link":"https:\/\/esreviral.com\/?p=24934","title":{"rendered":"Al menos dos fallecidos en Las Tejer\u00edas por desbordamiento de quebrada"},"content":{"rendered":"\n<p>Las intensas lluvias registradas este s\u00e1bado dejaron un saldo de al menos dos personas muertas en Las Tejer\u00edas, municipio Santos Michelena, en el estado\u00a0Aragua, en el centro de Venezuela<\/p>\n\n\n\n<p>Carlos P\u00e9rez Ampueda, viceministro para la Gesti\u00f3n de Riesgo y Protecci\u00f3n Civil, inform\u00f3 a trav\u00e9s de su cuenta en Twitter el fallecimiento de dos ciudadanos como consecuencia del desbordamiento de la quebrada Los Patos.<\/p>\n\n\n\n<p>\u201cAfectaciones por sedimentos, \u00e1rboles ca\u00eddos y escombros en la zona industrial, casco central y barrio El Beisbol. Se ejecutan operaciones de b\u00fasqueda y rescate. Para el momento sin energ\u00eda el\u00e9ctrica. Funcionarios realizan evaluaci\u00f3n de da\u00f1os y an\u00e1lisis de necesidades\u201d, escribi\u00f3 el funcionario en la publicaci\u00f3n.<\/p>\n\n\n\n<p><strong><span style=\"background-color:#9a1b22\" class=\"td_text_highlight_marker\">Lluvias causaron estragos en Las Tejer\u00edas<\/span><\/strong><\/p>\n\n\n\n<p>Karina Carpio, gobernadora del estado Aragua, inform\u00f3 este domingo que al menos 21 sectores resultaron afectados en el municipio. Tambi\u00e9n sufrieron da\u00f1os 15 empresas de la localidad.<\/p>\n\n\n\n<p class=\"has-text-align-right\"><strong><em>Con informaci\u00f3n de El Nacional.-<\/em><\/strong><\/p>\n\n\n\n<figure class=\"wp-block-embed is-type-rich is-provider-twitter wp-block-embed-twitter\"><div class=\"wp-block-embed__wrapper\">\n<blockquote class=\"twitter-tweet\" data-width=\"500\" data-dnt=\"true\"><p lang=\"es\" dir=\"ltr\">Habitantes de Las Tejer\u00edas rescatan el cuerpo sin vida de una persona entre los sedimentos tras el deslave del s\u00e1bado <a href=\"https:\/\/t.co\/6u7mGcHRAq\">https:\/\/t.co\/6u7mGcHRAq<\/a> <a href=\"https:\/\/t.co\/jAxmq4KxIA\">pic.twitter.com\/jAxmq4KxIA<\/a><\/p>&mdash; Monitoreamos (@monitoreamos) <a href=\"https:\/\/twitter.com\/monitoreamos\/status\/1579106470792003584?ref_src=twsrc%5Etfw\">October 9, 2022<\/a><\/blockquote><script async src=\"https:\/\/platform.twitter.com\/widgets.js\" charset=\"utf-8\"><\/script>\n<\/div><\/figure>\n","protected":false},"excerpt":{"rendered":"<p>Las intensas lluvias registradas este s\u00e1bado dejaron un saldo de al menos dos personas muertas en Las Tejer\u00edas, municipio Santos Michelena, en el estado\u00a0Aragua, en el centro de Venezuela Carlos P\u00e9rez Ampueda, viceministro para la Gesti\u00f3n de Riesgo y Protecci\u00f3n Civil, inform\u00f3 a trav\u00e9s de su cuenta en Twitter el fallecimiento de dos ciudadanos como [&hellip;]<\/p>\n","protected":false},"author":2,"featured_media":24935,"comment_status":"open","ping_status":"open","sticky":false,"template":"","format":"standard","meta":{"jnews-multi-image_gallery":[],"jnews_single_post":[],"jnews_primary_category":[],"jnews_social_meta":[],"jnews_review":[],"enable_review":"","type":"","name":"","summary":"","brand":"","sku":"","good":[],"bad":[],"score_override":"","override_value":"","rating":[],"price":[],"jnews_override_counter":[],"jnews_post_split":[],"footnotes":""},"categories":[66],"tags":[237,4873,45,56],"class_list":["post-24934","post","type-post","status-publish","format-standard","has-post-thumbnail","hentry","category-venezuela","tag-aragua","tag-la-tejerias","tag-noticias","tag-venezuela"],"amp_enabled":true,"_links":{"self":[{"href":"https:\/\/esreviral.com\/index.php?rest_route=\/wp\/v2\/posts\/24934"}],"collection":[{"href":"https:\/\/esreviral.com\/index.php?rest_route=\/wp\/v2\/posts"}],"about":[{"href":"https:\/\/esreviral.com\/index.php?rest_route=\/wp\/v2\/types\/post"}],"author":[{"embeddable":true,"href":"https:\/\/esreviral.com\/index.php?rest_route=\/wp\/v2\/users\/2"}],"replies":[{"embeddable":true,"href":"https:\/\/esreviral.com\/index.php?rest_route=%2Fwp%2Fv2%2Fcomments&post=24934"}],"version-history":[{"count":0,"href":"https:\/\/esreviral.com\/index.php?rest_route=\/wp\/v2\/posts\/24934\/revisions"}],"wp:featuredmedia":[{"embeddable":true,"href":"https:\/\/esreviral.com\/index.php?rest_route=\/"}],"wp:attachment":[{"href":"https:\/\/esreviral.com\/index.php?rest_route=%2Fwp%2Fv2%2Fmedia&parent=24934"}],"wp:term":[{"taxonomy":"category","embeddable":true,"href":"https:\/\/esreviral.com\/index.php?rest_route=%2Fwp%2Fv2%2Fcategories&post=24934"},{"taxonomy":"post_tag","embeddable":true,"href":"https:\/\/esreviral.com\/index.php?rest_route=%2Fwp%2Fv2%2Ftags&post=24934"}],"curies":[{"name":"wp","href":"https:\/\/api.w.org\/{rel}","templated":true}]}}