{"id":24921,"date":"2022-10-07T13:35:35","date_gmt":"2022-10-07T16:35:35","guid":{"rendered":"https:\/\/esreviral.com\/?p=24921"},"modified":"2022-10-07T13:35:35","modified_gmt":"2022-10-07T16:35:35","slug":"oposicion-argentina-rechazo-la-abstencion-del-gobierno-para-investigar-la-violacion-de-ddhh-en-venezuela","status":"publish","type":"post","link":"https:\/\/esreviral.com\/?p=24921","title":{"rendered":"Oposici\u00f3n argentina rechaz\u00f3 la abstenci\u00f3n del Gobierno para investigar la violaci\u00f3n de DDHH en Venezuela"},"content":{"rendered":"\n<p><strong>L\u00edderes opositores argentinos se pronunciaron r\u00e1pidamente en rechazo a la decisi\u00f3n tomada desde el Gobierno de Alberto Fern\u00e1ndez<\/strong>, en la votaci\u00f3n de la ONU para continuar las investigaciones por la violaci\u00f3n de los derechos humanos en Venezuela. <\/p>\n\n\n\n<p>El expresidente Mauricio Macri, <strong>pidi\u00f3 perd\u00f3n al pueblo venezolano. <\/strong><\/p>\n\n\n\n<figure class=\"wp-block-embed is-type-rich is-provider-twitter wp-block-embed-twitter\"><div class=\"wp-block-embed__wrapper\">\n<blockquote class=\"twitter-tweet\" data-width=\"500\" data-dnt=\"true\"><p lang=\"es\" dir=\"ltr\">Pido perd\u00f3n a nuestros queridos hermanos venezolanos por la abstenci\u00f3n de la Argentina a la condena de cr\u00edmenes de lesa humanidad en su pa\u00eds. Los argentinos de bien sentimos verg\u00fcenza por este gobierno que no defiende ni la libertad ni los derechos humanos.<\/p>&mdash; Mauricio Macri (@mauriciomacri) <a href=\"https:\/\/twitter.com\/mauriciomacri\/status\/1578399929193701376?ref_src=twsrc%5Etfw\">October 7, 2022<\/a><\/blockquote><script async src=\"https:\/\/platform.twitter.com\/widgets.js\" charset=\"utf-8\"><\/script>\n<\/div><\/figure>\n\n\n\n<p>Entre tanto, <strong><a href=\"https:\/\/twitter.com\/CRomeroOK\/status\/1578409102631469056\">el diputado porte\u00f1o, Claudio Romero<\/a><\/strong>, quien siempre ha estado de la mano con la comunidad venezolano, tambi\u00e9n se pronunci\u00f3 en sus redes sociales. <\/p>\n\n\n\n<figure class=\"wp-block-embed is-type-rich is-provider-twitter wp-block-embed-twitter\"><div class=\"wp-block-embed__wrapper\">\n<blockquote class=\"twitter-tweet\" data-width=\"500\" data-dnt=\"true\"><p lang=\"es\" dir=\"ltr\">Como argentino siento mucha verg\u00fcenza ante la abstenci\u00f3n de nuestro pa\u00eds a votar por los cr\u00edmenes de lesa humanidad en Venezuela, eso es la muestra de lo alejado que est\u00e1n de los derechos humanos. La doble moral K <a href=\"https:\/\/t.co\/M9OIJNTyZX\">pic.twitter.com\/M9OIJNTyZX<\/a><\/p>&mdash; Claudio Romero (@CRomeroOK) <a href=\"https:\/\/twitter.com\/CRomeroOK\/status\/1578409102631469056?ref_src=twsrc%5Etfw\">October 7, 2022<\/a><\/blockquote><script async src=\"https:\/\/platform.twitter.com\/widgets.js\" charset=\"utf-8\"><\/script>\n<\/div><\/figure>\n","protected":false},"excerpt":{"rendered":"<p>L\u00edderes opositores argentinos se pronunciaron r\u00e1pidamente en rechazo a la decisi\u00f3n tomada desde el Gobierno de Alberto Fern\u00e1ndez, en la votaci\u00f3n de la ONU para continuar las investigaciones por la violaci\u00f3n de los derechos humanos en Venezuela. El expresidente Mauricio Macri, pidi\u00f3 perd\u00f3n al pueblo venezolano. Entre tanto, el diputado porte\u00f1o, Claudio Romero, quien siempre [&hellip;]<\/p>\n","protected":false},"author":2,"featured_media":24922,"comment_status":"open","ping_status":"open","sticky":false,"template":"","format":"standard","meta":{"jnews-multi-image_gallery":[],"jnews_single_post":[],"jnews_primary_category":[],"jnews_social_meta":[],"jnews_review":[],"enable_review":"","type":"","name":"","summary":"","brand":"","sku":"","good":[],"bad":[],"score_override":"","override_value":"","rating":[],"price":[],"jnews_override_counter":[],"jnews_post_split":[],"footnotes":""},"categories":[59],"tags":[44,1125,45,1434,67],"class_list":["post-24921","post","type-post","status-publish","format-standard","has-post-thumbnail","hentry","category-politica","tag-argentina","tag-claudio-romero","tag-noticias","tag-onu","tag-venezolanos-en-argentina"],"amp_enabled":true,"_links":{"self":[{"href":"https:\/\/esreviral.com\/index.php?rest_route=\/wp\/v2\/posts\/24921"}],"collection":[{"href":"https:\/\/esreviral.com\/index.php?rest_route=\/wp\/v2\/posts"}],"about":[{"href":"https:\/\/esreviral.com\/index.php?rest_route=\/wp\/v2\/types\/post"}],"author":[{"embeddable":true,"href":"https:\/\/esreviral.com\/index.php?rest_route=\/wp\/v2\/users\/2"}],"replies":[{"embeddable":true,"href":"https:\/\/esreviral.com\/index.php?rest_route=%2Fwp%2Fv2%2Fcomments&post=24921"}],"version-history":[{"count":0,"href":"https:\/\/esreviral.com\/index.php?rest_route=\/wp\/v2\/posts\/24921\/revisions"}],"wp:featuredmedia":[{"embeddable":true,"href":"https:\/\/esreviral.com\/index.php?rest_route=\/"}],"wp:attachment":[{"href":"https:\/\/esreviral.com\/index.php?rest_route=%2Fwp%2Fv2%2Fmedia&parent=24921"}],"wp:term":[{"taxonomy":"category","embeddable":true,"href":"https:\/\/esreviral.com\/index.php?rest_route=%2Fwp%2Fv2%2Fcategories&post=24921"},{"taxonomy":"post_tag","embeddable":true,"href":"https:\/\/esreviral.com\/index.php?rest_route=%2Fwp%2Fv2%2Ftags&post=24921"}],"curies":[{"name":"wp","href":"https:\/\/api.w.org\/{rel}","templated":true}]}}