{"id":24899,"date":"2022-10-07T09:50:36","date_gmt":"2022-10-07T12:50:36","guid":{"rendered":"https:\/\/esreviral.com\/?p=24899"},"modified":"2022-10-07T09:50:36","modified_gmt":"2022-10-07T12:50:36","slug":"sergio-berni-el-jefe-del-operativo-del-partido-gimnasia-boca-va-a-ser-echado-de-la-policia","status":"publish","type":"post","link":"https:\/\/esreviral.com\/?p=24899","title":{"rendered":"Sergio Berni: \u00abEl jefe del operativo del partido Gimnasia-Boca va a ser echado de la polic\u00eda\u00bb"},"content":{"rendered":"\n<p class=\"has-drop-cap\">El ministro de Seguridad bonaerense, Sergio Berni, dijo que \u00abvan a ser echados de la Polic\u00eda\u00bb los responsables del operativo de seguridad del partido de anoche entre Boca y Gimnasia y Esgrima en La Plata, que termin\u00f3 con un fallecido por un paro card\u00edaco y m\u00e1s de un centenar de heridos.<\/p>\n\n\n\n<p>\u00abVan a ser echados de la Polic\u00eda\u00bb, dijo Berni este viernes en declaraciones al canal de noticias A24 y confirm\u00f3 que el efectivo que dispar\u00f3 contra un camar\u00f3grafo de TyC ya fue removido de la fuerza.<\/p>\n\n\n\n<p>Consultado acerca de la posibilidad de dejar su cargo en el gabinete tras la represi\u00f3n policial ocurrida este jueves por la noche en el bosque de la capital bonaerense, el ministro expuso: \u00abMi renuncia est\u00e1 todos los d\u00edas a disposici\u00f3n del gobernador (Axel Kicillof), pero ac\u00e1 hay responsables que ten\u00edan una funci\u00f3n de llevar adelante el operativo que no ha sido bien resuelto\u00bb.<\/p>\n\n\n\n<p>\u00abSoy el ministro de Seguridad, pero hay responsables que ten\u00edan la funci\u00f3n de llevar adelante este operativo y no lo resolvieron bien. Yo no me considero responsable de lo que pas\u00f3. No estuve a cargo del operativo de seguridad. Para eso hay toda una cadena de mando\u00bb, recalc\u00f3.<\/p>\n\n\n\n<figure class=\"wp-block-image size-large\"><img decoding=\"async\" src=\"https:\/\/www.telam.com.ar\/thumbs\/bluesteel\/advf\/imagenes\/2022\/10\/633f7e0968009_900.jpg\" alt=\"\"\/><\/figure>\n\n\n\n<p>En tanto, expres\u00f3 que el jefe del operativo de seguridad, de apellido Corval\u00e1n, fue \u00abquien firm\u00f3 el acta con el club, dispuso el operativo y el responsable de algo que se resolvi\u00f3 de la peor forma\u00bb y consider\u00f3 que lo ocurrido anoche \u00abes inexplicable\u00bb.<\/p>\n\n\n\n<p>Luego, el funcionario expuso que \u00abpor cada entrada que vendi\u00f3 la AFA, hab\u00eda 20 de cortes\u00eda\u00bb, explic\u00f3 que \u00abel control de las entradas no la hace la polic\u00eda, sino el mismo club que hizo la vista gorda\u00bb y apunt\u00f3 que, en ese contexto, los espectadores que quedaron afuera \u00abse enardecieron y quer\u00edan entrar\u00bb.<\/p>\n\n\n\n<p>Berni dijo que en esa situaci\u00f3n el jefe del seguridad \u00abresolvi\u00f3 de la peor manera una situaci\u00f3n que la Polic\u00eda obviamente no busc\u00f3 y que estuvo generada por la falta de escr\u00fapulos de quienes s\u00f3lo quieren hacer negocios con el f\u00fatbol\u00bb.<\/p>\n\n\n\n<p>Consultado por qu\u00e9 dijo anoche ante la prensa que el fallecimiento de un hombre de 57 a\u00f1os, identificado como Cesar Regueiro, se debi\u00f3 a un paro card\u00edaco, Berni respondi\u00f3: \u00abMe preguntaron de qu\u00e9 falleci\u00f3 el hombre y yo lo \u00fanico que hice fue transmitir el parte que me dieron del hospital\u00bb.<\/p>\n\n\n\n<p>Dije tambi\u00e9n que m\u00e1s all\u00e1 de que no muri\u00f3 por una confrontaci\u00f3n directa con la polic\u00eda, su muerte \u00abpodr\u00eda haberse evitado\u00bb.<\/p>\n\n\n\n<p>Finalmente, manifest\u00f3 que se trabaj\u00f3 \u00abtoda la noche para tratar de entender qu\u00e9 pas\u00f3\u00bb y recalc\u00f3 que \u00abel fiscal empezar\u00e1 a investigar con todos los elementos que ellos tienen\u00bb.<\/p>\n\n\n\n<p>Un fallecido hincha de Gimnasia y Esgrima de 57 a\u00f1os por un paro card\u00edaco y m\u00e1s de un centenar de heridos fue el saldo de los incidentes que se registraron anoche al repeler la polic\u00eda a miles de parciales del conjunto platense que pugnaban por ingresar al estadio Carmelo Zerillo con sus entradas en la mano cuando ya se hab\u00edan cerrado las puertas de acceso para presenciar el encuentro ante Boca Juniors, suspendido por \u00abfalta de garant\u00edas\u00bb por el \u00e1rbitro Hern\u00e1n Mastr\u00e1ngelo.<\/p>\n\n\n\n<p><strong><em><span style=\"background-color:#a30003\" class=\"td_text_highlight_marker\">Lea Tambi\u00e9n:<\/span><\/em><\/strong> <strong><em><\/em><\/strong><\/p>\n\n\n\n<p class=\"has-text-align-right\"><strong><em>Telam.-<\/em><\/strong><\/p>\n","protected":false},"excerpt":{"rendered":"<p>El ministro de Seguridad bonaerense confirm\u00f3 adem\u00e1s que el efectivo que dispar\u00f3 contra un camar\u00f3grafo de TyC ya fue removido de la fuerza. <\/p>\n","protected":false},"author":2,"featured_media":24900,"comment_status":"open","ping_status":"open","sticky":false,"template":"","format":"standard","meta":{"jnews-multi-image_gallery":[],"jnews_single_post":[],"jnews_primary_category":[],"jnews_social_meta":[],"jnews_review":[],"enable_review":"","type":"","name":"","summary":"","brand":"","sku":"","good":[],"bad":[],"score_override":"","override_value":"","rating":[],"price":[],"jnews_override_counter":[],"jnews_post_split":[],"footnotes":""},"categories":[59],"tags":[44,4854,4856,4860,45,4861,4862,363,175,4858],"class_list":["post-24899","post","type-post","status-publish","format-standard","has-post-thumbnail","hentry","category-politica","tag-argentina","tag-boca","tag-gimnasia-y-esgrima-de-la-plata","tag-ministro-de-seguridad-bonaerense","tag-noticias","tag-operativo","tag-policia-bonaerense-2","tag-provincia-de-buenos-aires","tag-seguridad","tag-sergio-berni"],"amp_enabled":true,"_links":{"self":[{"href":"https:\/\/esreviral.com\/index.php?rest_route=\/wp\/v2\/posts\/24899"}],"collection":[{"href":"https:\/\/esreviral.com\/index.php?rest_route=\/wp\/v2\/posts"}],"about":[{"href":"https:\/\/esreviral.com\/index.php?rest_route=\/wp\/v2\/types\/post"}],"author":[{"embeddable":true,"href":"https:\/\/esreviral.com\/index.php?rest_route=\/wp\/v2\/users\/2"}],"replies":[{"embeddable":true,"href":"https:\/\/esreviral.com\/index.php?rest_route=%2Fwp%2Fv2%2Fcomments&post=24899"}],"version-history":[{"count":0,"href":"https:\/\/esreviral.com\/index.php?rest_route=\/wp\/v2\/posts\/24899\/revisions"}],"wp:featuredmedia":[{"embeddable":true,"href":"https:\/\/esreviral.com\/index.php?rest_route=\/"}],"wp:attachment":[{"href":"https:\/\/esreviral.com\/index.php?rest_route=%2Fwp%2Fv2%2Fmedia&parent=24899"}],"wp:term":[{"taxonomy":"category","embeddable":true,"href":"https:\/\/esreviral.com\/index.php?rest_route=%2Fwp%2Fv2%2Fcategories&post=24899"},{"taxonomy":"post_tag","embeddable":true,"href":"https:\/\/esreviral.com\/index.php?rest_route=%2Fwp%2Fv2%2Ftags&post=24899"}],"curies":[{"name":"wp","href":"https:\/\/api.w.org\/{rel}","templated":true}]}}