{"id":24884,"date":"2022-10-07T08:35:55","date_gmt":"2022-10-07T11:35:55","guid":{"rendered":"https:\/\/esreviral.com\/?p=24884"},"modified":"2022-10-07T08:35:55","modified_gmt":"2022-10-07T11:35:55","slug":"renuncio-la-ministra-de-mujeres-elizabeth-gomez-alcorta","status":"publish","type":"post","link":"https:\/\/esreviral.com\/?p=24884","title":{"rendered":"Renunci\u00f3 la ministra de Mujeres, Elizabeth G\u00f3mez Alcorta"},"content":{"rendered":"\n<p class=\"has-drop-cap\">Luego de denunciar \u201c<strong>graves violaciones a los derechos humanos<\/strong>\u201d en el \u00faltimo\u00a0desalojo de grupos mapuches\u00a0de tierras p\u00fablicas y privadas en el sur del pa\u00eds, la ministra de Mujeres, G\u00e9neros y Diversidad,\u00a0<strong>Elizabeth G\u00f3mez Alcorta<\/strong>,\u00a0<strong>present\u00f3 la renuncia\u00a0<\/strong>este jueves a su cargo, seg\u00fan confirmaron fuentes oficiales a TN.<\/p>\n\n\n\n<p>La\u00a0<strong>reemplazar\u00eda Mar\u00eda Cristina Perceval,<\/strong>\u00a0hasta hoy secretaria de Pol\u00edticas de Igualdad y Diversidad, del mismo ministerio.<\/p>\n\n\n\n<p>G\u00f3mez Alcorta &#8211;<strong>ex abogada&nbsp;<\/strong>del l\u00edder de la Resistencia Ancestral Mapuche (RAM),&nbsp;<strong>Facundo Jones Huala<\/strong>, y de&nbsp;<strong>Milagro Sala-&nbsp;<\/strong>deja el cargo cuando falta menos de un mes de la XV Conferencia Regional sobre la Mujer de Am\u00e9rica Latina y el Caribe (CRM) que se realizar\u00e1 del 7 al 11 de noviembre en Buenos Aires, y en el que estaba previsto que la ministra tuviera un rol protag\u00f3nico.<\/p>\n\n\n\n<p>Con su salida, el presidente&nbsp;<strong>Alberto Fern\u00e1ndez vuelve a perder a uno de sus funcionarios leales<\/strong>&nbsp;en el Gabinete.<\/p>\n\n\n\n<p><strong><span style=\"background-color:#a30003\" class=\"td_text_highlight_marker\">El conflicto que desat\u00f3 la renuncia de Elizabeth G\u00f3mez Alcorta<\/span><\/strong><\/p>\n\n\n\n<p>\u201cLa situaci\u00f3n es sumamente preocupante.&nbsp;<strong>Desde hace m\u00e1s de 48hs detuvieron a 7 mujeres ind\u00edgenas<\/strong>, una de ellas una l\u00edder espiritual de la comunidad\u201d, dijo este mismo jueves por la ma\u00f1ana G\u00f3mez Alcorta, tras el&nbsp;<strong>despliegue de las fuerzas<\/strong>&nbsp;que comanda el ministro de Seguridad, An\u00edbal Fern\u00e1ndez, sobre las tierras ocupadas por la agrupaci\u00f3n Lafken Winkul Mapu en Villa Mascardi.<\/p>\n\n\n\n<p>El martes se desarroll\u00f3 un gran operativo tras la\u00a0<strong>destrucci\u00f3n, quema<\/strong>\u00a0<strong>y<\/strong> usurpaci\u00f3n de propiedades de la zona\u00a0por la comunidad mapuche. En ese marco, el Ministerio de Seguridad de la Naci\u00f3n cre\u00f3 un \u201cComando Unificado de Seguridad\u201d para controlar y custodiar la zona de Villa Mascardi.<\/p>\n\n\n\n<p>De las siete las personas de la lof Lafken Winkul Mapu detenidas en el despliegue, dos estaban\u00a0<strong>con sus hijos peque\u00f1os<\/strong>\u00a0y una de las mujeres est\u00e1\u00a0<strong>embarazada\u00a0<\/strong>de 40 semanas.<\/p>\n\n\n\n<figure class=\"wp-block-image size-large\"><img decoding=\"async\" src=\"https:\/\/tn.com.ar\/resizer\/gH_dep0CGSK_T5YGPYSfI0ekhcs=\/1440x0\/smart\/cloudfront-us-east-1.images.arcpublishing.com\/artear\/FAX6MQKMJCX6HH5WV3LRTNVNGM.jpg\" alt=\"\"\/><\/figure>\n\n\n\n<p>Es por ello que la hasta ahora ministra de Mujeres se declar\u00f3 alerta \u201cdesde el primer momento\u201d e \u201cinterviniendo activamente para&nbsp;<strong>garantizar el ejercicio de los derechos humanos de las mujeres ind\u00edgenas<\/strong>&nbsp;detenidas ante el incumplimiento por parte del poder judicial de la legislaci\u00f3n vigente y los pactos internacionales de los que la Rep\u00fablica Argentina forma parte\u201d.<\/p>\n\n\n\n<p>En ese sentido, hizo hincapi\u00e9 al traslado de 4 de las mujeres a la c\u00e1rcel de Ezeiza: \u201c<strong>Es grav\u00edsimo.&nbsp;<\/strong>Las trasladan a 1500km de donde viven, sin haber tenido contacto con un abogado, sin haber tenido contacto con nadie. Y lo m\u00e1s grave es que a\u00fan hoy no se sabe qu\u00e9 es lo que se les imputa\u201d.<\/p>\n\n\n\n<p>El comunicado de G\u00f3mez Alcorta lleg\u00f3 un d\u00eda&nbsp;<strong>despu\u00e9s de que la Coordinadora del Parlamento Mapuche en R\u00edo Negro manifestara su descontento<\/strong>: \u201cNo ha habido intervenci\u00f3n del Ministerio de Mujeres, G\u00e9nero y Diversidad de la Naci\u00f3n, as\u00ed como tampoco del Senaf (Secretar\u00eda Nacional de Ni\u00f1ez, Adolescencia y Familia) por la situaci\u00f3n de los beb\u00e9s detenidos\u201d, public\u00f3 desde la cuenta oficial de la organizaci\u00f3n.<\/p>\n\n\n\n<p>Adem\u00e1s de la intervenci\u00f3n del Ministerio de Mujeres, la diputada oficialista M\u00f3nica Macha present\u00f3 un proyecto de resoluci\u00f3n en Diputados \u201cpara repudiar el v<strong>iolento y desproporcionado operativo desplegado<\/strong>\u00a0por la Justicia Federal y las Fuerzas de Seguridad intervinientes para desalojar a la comunidad Mapuche de sus tierras ancestrales\u201d.<\/p>\n\n\n\n<figure class=\"wp-block-image size-large\"><img decoding=\"async\" src=\"https:\/\/tn.com.ar\/resizer\/63EXFZwTcqgKCDgrdwfh80E_igE=\/1440x0\/smart\/cloudfront-us-east-1.images.arcpublishing.com\/artear\/KI2OFXV53NE6HJW5YFGHI645UE.jpg\" alt=\"\"\/><\/figure>\n\n\n\n<p>El mismo d\u00eda del operativo, a trav\u00e9s de Twitter, el minisrto&nbsp;<strong>An\u00edbal Fern\u00e1ndez neg\u00f3 que haya existido represi\u00f3n<\/strong>&nbsp;a la hora de desalojar el territorio y remarc\u00f3 que las detenidas se encontraban \u201c<strong>en perfecto estado de salud<\/strong>\u201d.<\/p>\n\n\n\n<p>\u201cSe procedi\u00f3 a dar por terminada la usurpaci\u00f3n conocida como Villa Mascardi. Con orden judicial en mano, ingres\u00f3 la Polic\u00eda Federal Argentina, con el cometido de cumplir manda judicial. El ingreso se hizo sin armas letales\u201d, dijo y aclar\u00f3: \u201c<strong>No ha habido ninguna clase de represi\u00f3n, ni siquiera un rasgu\u00f1o<\/strong>. Las siete mujeres detenidas se encuentran en perfecto estado de salud, en dependencias de la Polic\u00eda de Seguridad Aeroportuaria, incluyendo a la se\u00f1ora que cursa un embarazo avanzado\u201d.<\/p>\n\n\n\n<p>Sin embargo, en las \u00faltimas horas, expres\u00f3: \u201cHubo una semana de trabajo previo de preparaci\u00f3n para poder resolver el tema de la usurpaci\u00f3n. Hay indicaciones y pedidos de capturas por parte de la jueza que tiene la causa.&nbsp;<strong>Funcion\u00f3 y no entramos con armas letales<\/strong>\u201d.<\/p>\n\n\n\n<p>\u201c<strong>La Justicia la que decide, no soy yo\u201d<\/strong>, dijo el ministro respecto al insistente pedido de liberaci\u00f3n de las siete mujeres detenidas.<\/p>\n\n\n\n<p><strong><em>Noticia en desarrollo&#8230;<\/em><\/strong><\/p>\n\n\n\n<p class=\"has-text-align-right\"><strong><em>TN.-<\/em><\/strong><\/p>\n","protected":false},"excerpt":{"rendered":"<p>Se lo comunic\u00f3 al presidente Alberto Fern\u00e1ndez mediante una carta.<\/p>\n","protected":false},"author":2,"featured_media":24885,"comment_status":"open","ping_status":"open","sticky":false,"template":"","format":"standard","meta":{"jnews-multi-image_gallery":[],"jnews_single_post":[],"jnews_primary_category":[],"jnews_social_meta":[],"jnews_review":[],"enable_review":"","type":"","name":"","summary":"","brand":"","sku":"","good":[],"bad":[],"score_override":"","override_value":"","rating":[],"price":[],"jnews_override_counter":[],"jnews_post_split":[],"footnotes":""},"categories":[58,59],"tags":[44,4846,4847,3540,4848,45,4849],"class_list":["post-24884","post","type-post","status-publish","format-standard","has-post-thumbnail","hentry","category-argentina","category-politica","tag-argentina","tag-conflicto-mapuche","tag-elizabeth-gomez-alcorta","tag-gabinete","tag-ministra-de-mujeres","tag-noticias","tag-violaciones-a-los-derechos-humanos"],"amp_enabled":true,"_links":{"self":[{"href":"https:\/\/esreviral.com\/index.php?rest_route=\/wp\/v2\/posts\/24884"}],"collection":[{"href":"https:\/\/esreviral.com\/index.php?rest_route=\/wp\/v2\/posts"}],"about":[{"href":"https:\/\/esreviral.com\/index.php?rest_route=\/wp\/v2\/types\/post"}],"author":[{"embeddable":true,"href":"https:\/\/esreviral.com\/index.php?rest_route=\/wp\/v2\/users\/2"}],"replies":[{"embeddable":true,"href":"https:\/\/esreviral.com\/index.php?rest_route=%2Fwp%2Fv2%2Fcomments&post=24884"}],"version-history":[{"count":0,"href":"https:\/\/esreviral.com\/index.php?rest_route=\/wp\/v2\/posts\/24884\/revisions"}],"wp:featuredmedia":[{"embeddable":true,"href":"https:\/\/esreviral.com\/index.php?rest_route=\/"}],"wp:attachment":[{"href":"https:\/\/esreviral.com\/index.php?rest_route=%2Fwp%2Fv2%2Fmedia&parent=24884"}],"wp:term":[{"taxonomy":"category","embeddable":true,"href":"https:\/\/esreviral.com\/index.php?rest_route=%2Fwp%2Fv2%2Fcategories&post=24884"},{"taxonomy":"post_tag","embeddable":true,"href":"https:\/\/esreviral.com\/index.php?rest_route=%2Fwp%2Fv2%2Ftags&post=24884"}],"curies":[{"name":"wp","href":"https:\/\/api.w.org\/{rel}","templated":true}]}}