{"id":24880,"date":"2022-10-06T19:48:07","date_gmt":"2022-10-06T22:48:07","guid":{"rendered":"https:\/\/esreviral.com\/?p=24880"},"modified":"2022-10-06T19:48:07","modified_gmt":"2022-10-06T22:48:07","slug":"avba-celebro-la-segunda-plenaria-2022","status":"publish","type":"post","link":"https:\/\/esreviral.com\/?p=24880","title":{"rendered":"AVBA celebr\u00f3 la segunda plenaria 2022"},"content":{"rendered":"\n<p>El pasado s\u00e1bado se realiz\u00f3 en la instalaciones del Hotel Intercontinental de Buenos Aires<a href=\"https:\/\/www.instagram.com\/intercontinental_buenosaires\/\">, <\/a>la segunda plenaria AVBA 2022. Contando con la participaci\u00f3n de Mercedes Barbara\u00a0, directora general de colectividades del Gobierno de la Ciudad de Buenos Aires ; Paloma Oliver coordinadora del programa de migrantes del Gobierno de la Ciudad, quienes destacaron el establecimiento de trabajo en conjunto en materia de inserci\u00f3n educativa, salud, derechos pol\u00edticos, sociolaboral y asesoramiento en el \u00e1mbito de migraciones. <\/p>\n\n\n\n<p>Tambi\u00e9n se indic\u00f3 la importancia de la participaci\u00f3n que tendr\u00e1 la asociaci\u00f3n en el evento Buenos Aires Celebra Venezuela en el 2023; tambi\u00e9n asistieron al evento Alejandro \u00c1lvarez secretario de la\u00a0<a href=\"https:\/\/www.instagram.com\/somosceeva\/\">@somosceeva<\/a>\u00a0Gerardo Luca y Pedro Tejada, presidente y vice presidente primero de la Confederaci\u00f3n de Colectividades, Cultura y Tradicionalismo , ONG que viene trabajando de la mano con la asociaci\u00f3n.<\/p>\n\n\n\n<p>En la segunda etapa de dicha jornada, se realiz\u00f3 la evaluaci\u00f3n de proyectos realizados y la aprobaci\u00f3n de cronograma de actividades que se esperan realizar en los meses restantes del a\u00f1o. Se hizo la presentaci\u00f3n oficial del uniforme de verano institucional.<\/p>\n\n\n\n<p>Se hicieron presentes la totalidad de miembros de la Junta Directiva, Coordinadores Centrales, Coordinadores de CABA y del AMBA, Cerrando con una din\u00e1mica de trabajo a cargo de la coordinaci\u00f3n de salud, por la licenciada Melany Simoza<a href=\"https:\/\/www.instagram.com\/psicoencuentro2.0\/\">,<\/a>\u00a0de liderazgo e integraci\u00f3n grupal que nos permite potencializar todas nuestras capacidad para realizar de manera efectiva el trabajo social.<\/p>\n","protected":false},"excerpt":{"rendered":"<p>El pasado s\u00e1bado se realiz\u00f3 en la instalaciones del Hotel Intercontinental de Buenos Aires, la segunda plenaria AVBA 2022. Contando con la participaci\u00f3n de Mercedes Barbara\u00a0, directora general de colectividades del Gobierno de la Ciudad de Buenos Aires ; Paloma Oliver coordinadora del programa de migrantes del Gobierno de la Ciudad, quienes destacaron el establecimiento [&hellip;]<\/p>\n","protected":false},"author":2,"featured_media":24881,"comment_status":"open","ping_status":"open","sticky":false,"template":"","format":"standard","meta":{"jnews-multi-image_gallery":[],"jnews_single_post":[],"jnews_primary_category":[],"jnews_social_meta":[],"jnews_review":[],"enable_review":"","type":"","name":"","summary":"","brand":"","sku":"","good":[],"bad":[],"score_override":"","override_value":"","rating":[],"price":[],"jnews_override_counter":[],"jnews_post_split":[],"footnotes":""},"categories":[54],"tags":[44,45,67],"class_list":["post-24880","post","type-post","status-publish","format-standard","has-post-thumbnail","hentry","category-inmigracion","tag-argentina","tag-noticias","tag-venezolanos-en-argentina"],"amp_enabled":true,"_links":{"self":[{"href":"https:\/\/esreviral.com\/index.php?rest_route=\/wp\/v2\/posts\/24880"}],"collection":[{"href":"https:\/\/esreviral.com\/index.php?rest_route=\/wp\/v2\/posts"}],"about":[{"href":"https:\/\/esreviral.com\/index.php?rest_route=\/wp\/v2\/types\/post"}],"author":[{"embeddable":true,"href":"https:\/\/esreviral.com\/index.php?rest_route=\/wp\/v2\/users\/2"}],"replies":[{"embeddable":true,"href":"https:\/\/esreviral.com\/index.php?rest_route=%2Fwp%2Fv2%2Fcomments&post=24880"}],"version-history":[{"count":0,"href":"https:\/\/esreviral.com\/index.php?rest_route=\/wp\/v2\/posts\/24880\/revisions"}],"wp:featuredmedia":[{"embeddable":true,"href":"https:\/\/esreviral.com\/index.php?rest_route=\/"}],"wp:attachment":[{"href":"https:\/\/esreviral.com\/index.php?rest_route=%2Fwp%2Fv2%2Fmedia&parent=24880"}],"wp:term":[{"taxonomy":"category","embeddable":true,"href":"https:\/\/esreviral.com\/index.php?rest_route=%2Fwp%2Fv2%2Fcategories&post=24880"},{"taxonomy":"post_tag","embeddable":true,"href":"https:\/\/esreviral.com\/index.php?rest_route=%2Fwp%2Fv2%2Ftags&post=24880"}],"curies":[{"name":"wp","href":"https:\/\/api.w.org\/{rel}","templated":true}]}}