{"id":24874,"date":"2022-10-06T18:38:37","date_gmt":"2022-10-06T21:38:37","guid":{"rendered":"https:\/\/esreviral.com\/?p=24874"},"modified":"2022-10-06T18:38:37","modified_gmt":"2022-10-06T21:38:37","slug":"magic-juan-presentarme-en-venezuela-me-transporto-espiritualmente-video","status":"publish","type":"post","link":"https:\/\/esreviral.com\/?p=24874","title":{"rendered":"Magic Juan: \u00abPresentarme en Venezuela me transport\u00f3 espiritualmente\u00bb (+VIDEO)"},"content":{"rendered":"\n<p><strong><em>CIS.-<\/em><\/strong> A tan solo tres d\u00edas de la presentaci\u00f3n del gran\u00a0<a href=\"https:\/\/www.instagram.com\/magicjuan\/\">@magicjuan<\/a>\u00a0en la ciudad de Buenos Aires, adelant\u00f3 a\u00a0<a href=\"https:\/\/www.instagram.com\/esreviral\/\">@esreviral<\/a>\u00a0parte de lo que ser\u00e1 su repertorio en Rivadavia 3475 este domingo\u00a0<a href=\"https:\/\/www.instagram.com\/explore\/tags\/9abr\/\">9 de octubre<\/a>\u00a0en su concierto.<\/p>\n\n\n\n<p>Explic\u00f3 que ser\u00e1 tan o m\u00e1s espectacular que lo que grab\u00f3 con&nbsp;<a href=\"https:\/\/www.instagram.com\/freecovervenezuela\/\">@freecovervenezuela<\/a>&nbsp;y asegur\u00f3 que ser\u00e1 mucho m\u00e1s largo.<\/p>\n\n\n\n<p>El cantante manifest\u00f3 lo feliz que estaba por haber estado en la feria internacional de Barquisimeto recientemente, donde se anot\u00f3 otro gran \u00e9xito.<\/p>\n\n\n\n<p>La entrevista completa puedes verla en nuestro canal de YouTube<\/p>\n\n\n\n<p><a href=\"https:\/\/www.instagram.com\/diamondeventpro\/\">@diamondeventpro<\/a>&nbsp;y&nbsp;<a href=\"https:\/\/www.instagram.com\/produccionesrw.ba\/\">@produccionesrw.ba<\/a>&nbsp;productores del evento, informaron que ya todo est\u00e1 listo y quienes deseen pueden adquirir sus entradas en www.passline.com o en las taquillas de donde se realizar\u00e1 el evento.<\/p>\n\n\n\n<p>Adem\u00e1s habr\u00e1n bebidas y variedad de comida cuya preparaci\u00f3n estar\u00e1 a cargo de\u00a0<a href=\"https:\/\/www.instagram.com\/lo.de.mon\/\">@lo.de.mon<\/a><\/p>\n\n\n\n<figure class=\"wp-block-embed is-type-video is-provider-youtube wp-block-embed-youtube wp-embed-aspect-16-9 wp-has-aspect-ratio\"><div class=\"wp-block-embed__wrapper\">\n<div class=\"jeg_video_container jeg_video_content\"><iframe title=\"Magic Juan: &quot;Presentarme en Venezuela me transport\u00f3 espiritualmente&quot;\" width=\"500\" height=\"281\" src=\"https:\/\/www.youtube.com\/embed\/SBc3XrCNj2c?feature=oembed\" frameborder=\"0\" allow=\"accelerometer; autoplay; clipboard-write; encrypted-media; gyroscope; picture-in-picture; web-share\" referrerpolicy=\"strict-origin-when-cross-origin\" allowfullscreen><\/iframe><\/div>\n<\/div><\/figure>\n","protected":false},"excerpt":{"rendered":"<p>CIS.- A tan solo tres d\u00edas de la presentaci\u00f3n del gran\u00a0@magicjuan\u00a0en la ciudad de Buenos Aires, adelant\u00f3 a\u00a0@esreviral\u00a0parte de lo que ser\u00e1 su repertorio en Rivadavia 3475 este domingo\u00a09 de octubre\u00a0en su concierto. Explic\u00f3 que ser\u00e1 tan o m\u00e1s espectacular que lo que grab\u00f3 con&nbsp;@freecovervenezuela&nbsp;y asegur\u00f3 que ser\u00e1 mucho m\u00e1s largo. El cantante manifest\u00f3 lo [&hellip;]<\/p>\n","protected":false},"author":2,"featured_media":24639,"comment_status":"open","ping_status":"open","sticky":false,"template":"","format":"standard","meta":{"jnews-multi-image_gallery":[],"jnews_single_post":[],"jnews_primary_category":[],"jnews_social_meta":[],"jnews_review":[],"enable_review":"","type":"","name":"","summary":"","brand":"","sku":"","good":[],"bad":[],"score_override":"","override_value":"","rating":[],"price":[],"jnews_override_counter":[],"jnews_post_split":[],"footnotes":""},"categories":[1142],"tags":[44,581,829,4710,45,67],"class_list":["post-24874","post","type-post","status-publish","format-standard","has-post-thumbnail","hentry","category-musica","tag-argentina","tag-concierto","tag-free-cover","tag-magic-juan","tag-noticias","tag-venezolanos-en-argentina"],"amp_enabled":true,"_links":{"self":[{"href":"https:\/\/esreviral.com\/index.php?rest_route=\/wp\/v2\/posts\/24874"}],"collection":[{"href":"https:\/\/esreviral.com\/index.php?rest_route=\/wp\/v2\/posts"}],"about":[{"href":"https:\/\/esreviral.com\/index.php?rest_route=\/wp\/v2\/types\/post"}],"author":[{"embeddable":true,"href":"https:\/\/esreviral.com\/index.php?rest_route=\/wp\/v2\/users\/2"}],"replies":[{"embeddable":true,"href":"https:\/\/esreviral.com\/index.php?rest_route=%2Fwp%2Fv2%2Fcomments&post=24874"}],"version-history":[{"count":0,"href":"https:\/\/esreviral.com\/index.php?rest_route=\/wp\/v2\/posts\/24874\/revisions"}],"wp:featuredmedia":[{"embeddable":true,"href":"https:\/\/esreviral.com\/index.php?rest_route=\/"}],"wp:attachment":[{"href":"https:\/\/esreviral.com\/index.php?rest_route=%2Fwp%2Fv2%2Fmedia&parent=24874"}],"wp:term":[{"taxonomy":"category","embeddable":true,"href":"https:\/\/esreviral.com\/index.php?rest_route=%2Fwp%2Fv2%2Fcategories&post=24874"},{"taxonomy":"post_tag","embeddable":true,"href":"https:\/\/esreviral.com\/index.php?rest_route=%2Fwp%2Fv2%2Ftags&post=24874"}],"curies":[{"name":"wp","href":"https:\/\/api.w.org\/{rel}","templated":true}]}}