{"id":24872,"date":"2022-10-06T19:52:23","date_gmt":"2022-10-06T22:52:23","guid":{"rendered":"https:\/\/esreviral.com\/?p=24872"},"modified":"2022-10-06T19:52:23","modified_gmt":"2022-10-06T22:52:23","slug":"venezolano-es-bicampeon-en-gimnasia-y-vende-una-rifa-para-viajar-a-los-suramericanos-en-ecuador","status":"publish","type":"post","link":"https:\/\/esreviral.com\/?p=24872","title":{"rendered":"Venezolano es bicampe\u00f3n en gimnasia y vende una rifa para viajar a los Suramericanos en Ecuador"},"content":{"rendered":"\n<p><strong><em>Carlos Iv\u00e1n Su\u00e1rez.-<\/em><\/strong> Desde los cinco a\u00f1os de edad, Reiver <meta charset=\"utf-8\">Alvarenga practica gimnasia, en principio en Venezuela y luego en Argentina, e<strong>n este pa\u00eds se consagr\u00f3 como bicampe\u00f3n nacional que lo llev\u00f3 a clasificar en el campeonato suramericano que se realizar\u00e1 del 8 al 16 de noviembre en Ecuador. <\/strong><\/p>\n\n\n\n<p>Este joven de 15 a\u00f1os de edad, es promesa en gimnasia para unos Juegos Ol\u00edmpicos, ya que <strong>en 2019 y 2021 fue campe\u00f3n en Argentina, en 2020 se suspendi\u00f3 por la pandemia, y  hace dos semanas, en su \u00faltima competencia provincial, gano 6 de las 7 medallas de oro que se repartieron.<\/strong><\/p>\n\n\n\n<p><strong>Pero adem\u00e1s, el joven oriundo de Valencia, estado Carabobo, tambi\u00e9n participar\u00e1 en Judo representando la selecci\u00f3n argentina <\/strong>porque se gan\u00f3 su puesto en el clasificatorio. Esta competencia ser\u00e1 del 31 de noviembre al 6 de diciembre.<\/p>\n\n\n\n<p>Ahora, este joven estudiante del tercer a\u00f1o de bachillerato,<strong> est\u00e1 vendiendo una rifa o un bono de colaboraci\u00f3n por tan s\u00f3lo 250 pesos cada n\u00famero<\/strong>, de manera que pueda cubrir los gastos para su viaje. <\/p>\n\n\n\n<p>Quienes quieran colaborar y adquirir uno de los n\u00fameros, deben comunicarse al whatsaap +54 9 11 6687-0960 y la transferencia a <\/p>\n\n\n\n<p>CVU: 0000003100009983041291<br>Alias: cubra.cada.yate.mp<\/p>\n\n\n\n<figure class=\"wp-block-image size-full\"><img decoding=\"async\" src=\"https:\/\/esreviral.com\/wp-content\/uploads\/2022\/10\/WhatsApp-Image-2022-10-06-at-2.41.19-PM.jpeg\" alt=\"\" class=\"wp-image-24876\"\/><\/figure>\n\n\n\n<p><strong><span style=\"background-color:#9a1b22\" class=\"td_text_highlight_marker\">Viene de familia<\/span><\/strong><\/p>\n\n\n\n<p>Esta competitividad y buena astucia en los deportes es de herencia, ya que sus padres son deportistas de alto rendimiento, de hecho, <strong>su pap\u00e1, Reiver Alvarenga, represent\u00f3 el tricolor nacional en los Juegos Ol\u00edmpicos de Sidney 2000 yAtenas 2004 como atleta de judo, categor\u00eda 60 kilogramos y luego en Beijing 2008 y R\u00edo de Janeiro 2016 como fisioterapeuta de equipo.<\/strong><\/p>\n\n\n\n<p>Mientras que <strong>su mam\u00e1, Kris Soto, fue selecci\u00f3n nacional de judo<\/strong> y particip\u00f3 en campeonatos panamericanos, suramericanos y mundiales, aunque no pudo llegar a los ol\u00edmpicos. <\/p>\n\n\n\n<p><strong>Su hermana menor, Hanna Alvarenga, de 9 a\u00f1os de edad, tambi\u00e9n es gimnasta<\/strong> y competir\u00e1 en los nacionales de Rosario que se desarrollar\u00e1n del 1ero al 5 de noviembre. <\/p>\n\n\n\n<p>Reiver estudia tercer a\u00f1o de bachillerato y lo combina con sus entrenamientos, <strong>su mayor sue\u00f1o es llegar a unos Juegos Ol\u00edmpicos representando a su pa\u00eds, como lo hizo su padre<\/strong> pero si lo hace por Argentina, tambi\u00e9n sentir\u00e1 mucha felicidad y lo har\u00e1 con el compromiso de siempre. <\/p>\n\n\n\n<p><strong>\u00abVenimos de familias humildes, as\u00ed que todo nos lo hemos ganado a pulso. Ambos padres somos profesionales de la Educaci\u00f3n F\u00edsica<\/strong> pero cuando llegamos a Argentina trabajamos de todo: lavando autos, repartiendo volantes, sushiman, durante la pandemia conseguimos en un kiosco por 12 horas cada uno, mi esposo y yo nos ve\u00edamos s\u00f3lo en el cambio de turno\u00bb. <\/p>\n\n\n\n<figure class=\"wp-block-image size-large\"><img decoding=\"async\" src=\"http:\/\/esreviral.com\/wp-content\/uploads\/2022\/10\/WhatsApp-Image-2022-10-06-at-2.49.11-PM-1024x768.jpeg\" alt=\"\" class=\"wp-image-24877\"\/><figcaption>Reiver tambi\u00e9n gan\u00f3 el pase a los juegos en la disciplina de judo<\/figcaption><\/figure>\n\n\n\n<figure class=\"wp-block-embed is-type-rich is-provider-twitter wp-block-embed-twitter\"><div class=\"wp-block-embed__wrapper\">\n<blockquote class=\"twitter-tweet\" data-width=\"500\" data-dnt=\"true\"><p lang=\"es\" dir=\"ltr\">Joven venezolano en Argentina \ud83c\udde6\ud83c\uddf7 es bicampe\u00f3n nacional de gimnasia y representar\u00e1 al pa\u00eds en los juegos juveniles suramericanos de Ecuador <a href=\"https:\/\/t.co\/Z8ytjgYKPa\">pic.twitter.com\/Z8ytjgYKPa<\/a><\/p>&mdash; ES RE VIRAL (@esreviral) <a href=\"https:\/\/twitter.com\/esreviral\/status\/1578156108211884032?ref_src=twsrc%5Etfw\">October 6, 2022<\/a><\/blockquote><script async src=\"https:\/\/platform.twitter.com\/widgets.js\" charset=\"utf-8\"><\/script>\n<\/div><\/figure>\n","protected":false},"excerpt":{"rendered":"<p>Tambi\u00e9n representar\u00e1 a Argentina en los juegos juveniles<\/p>\n","protected":false},"author":2,"featured_media":24878,"comment_status":"open","ping_status":"open","sticky":false,"template":"","format":"standard","meta":{"jnews-multi-image_gallery":[],"jnews_single_post":[],"jnews_primary_category":[],"jnews_social_meta":[],"jnews_review":[],"enable_review":"","type":"","name":"","summary":"","brand":"","sku":"","good":[],"bad":[],"score_override":"","override_value":"","rating":[],"price":[],"jnews_override_counter":[],"jnews_post_split":[],"footnotes":""},"categories":[48,54],"tags":[44,998,1014,4731,45,67],"class_list":["post-24872","post","type-post","status-publish","format-standard","has-post-thumbnail","hentry","category-deportes","category-inmigracion","tag-argentina","tag-gimnasia","tag-judo","tag-juegos-sudamericanos","tag-noticias","tag-venezolanos-en-argentina"],"amp_enabled":true,"_links":{"self":[{"href":"https:\/\/esreviral.com\/index.php?rest_route=\/wp\/v2\/posts\/24872"}],"collection":[{"href":"https:\/\/esreviral.com\/index.php?rest_route=\/wp\/v2\/posts"}],"about":[{"href":"https:\/\/esreviral.com\/index.php?rest_route=\/wp\/v2\/types\/post"}],"author":[{"embeddable":true,"href":"https:\/\/esreviral.com\/index.php?rest_route=\/wp\/v2\/users\/2"}],"replies":[{"embeddable":true,"href":"https:\/\/esreviral.com\/index.php?rest_route=%2Fwp%2Fv2%2Fcomments&post=24872"}],"version-history":[{"count":0,"href":"https:\/\/esreviral.com\/index.php?rest_route=\/wp\/v2\/posts\/24872\/revisions"}],"wp:featuredmedia":[{"embeddable":true,"href":"https:\/\/esreviral.com\/index.php?rest_route=\/"}],"wp:attachment":[{"href":"https:\/\/esreviral.com\/index.php?rest_route=%2Fwp%2Fv2%2Fmedia&parent=24872"}],"wp:term":[{"taxonomy":"category","embeddable":true,"href":"https:\/\/esreviral.com\/index.php?rest_route=%2Fwp%2Fv2%2Fcategories&post=24872"},{"taxonomy":"post_tag","embeddable":true,"href":"https:\/\/esreviral.com\/index.php?rest_route=%2Fwp%2Fv2%2Ftags&post=24872"}],"curies":[{"name":"wp","href":"https:\/\/api.w.org\/{rel}","templated":true}]}}