{"id":24850,"date":"2022-10-06T09:29:58","date_gmt":"2022-10-06T12:29:58","guid":{"rendered":"https:\/\/esreviral.com\/?p=24850"},"modified":"2022-10-06T09:29:58","modified_gmt":"2022-10-06T12:29:58","slug":"el-rey-carlos-iii-sera-coronado-el-3-de-junio-del-proximo-ano-en-londres","status":"publish","type":"post","link":"https:\/\/esreviral.com\/?p=24850","title":{"rendered":"El rey Carlos III ser\u00e1 coronado el 3 de junio del pr\u00f3ximo a\u00f1o en Londres"},"content":{"rendered":"\n<p class=\"has-drop-cap\">El&nbsp;<strong>rey Carlos III<\/strong>&nbsp;ser\u00e1&nbsp;coronado el 3 de junio del pr\u00f3ximo a\u00f1o en una ceremonia en la Abad\u00eda de Westminster, seg\u00fan informaron este mi\u00e9rcoles&nbsp;funcionarios del Reino Unido.<\/p>\n\n\n\n<p>Los miembros del gobierno brit\u00e1nico aseguraron que los planes convergen ese s\u00e1bado cerca del comienzo del verano, aunque a\u00fan contin\u00faan las discusiones sobre qu\u00e9 otros d\u00edas se convertir\u00e1n en feriados oficiales.<\/p>\n\n\n\n<p>Sin embargo,&nbsp;<strong>desde el Palacio de Buckingham se negaron a confirmar la fecha<\/strong>&nbsp;de coronaci\u00f3n para el a\u00f1o pr\u00f3ximo.&nbsp;<\/p>\n\n\n\n<p>La coronaci\u00f3n, casi 70 a\u00f1os despu\u00e9s de la de su madre, ser\u00e1 la pieza central de los d\u00edas de celebraci\u00f3n que marcar\u00e1n el comienzo del reinado del monarca. Carlos accedi\u00f3 al trono y fue nombrado rey el mes pasado tras la muerte de su madre, la reina Isabel II.<\/p>\n\n\n\n<p>Para junio del pr\u00f3ximo a\u00f1o, el rey tendr\u00e1 74 a\u00f1os, lo que lo convertir\u00e1 en la persona de mayor edad en ser coronada en la historia brit\u00e1nica. Se ha informado ampliamente que la coronaci\u00f3n ser\u00e1 una versi\u00f3n m\u00e1s peque\u00f1a y modesta de las ceremonias anteriores, con espacio para representantes de diferentes religiones y grupos comunitarios en l\u00ednea con la diversidad de la Gran Breta\u00f1a moderna. Charles ser\u00e1 coronado junto a su esposa, la reina consorte Camilla.<\/p>\n\n\n\n<p>Cuando Isabel II fue coronada en 1953, m\u00e1s de 8000 invitados de 129 naciones viajaron a la Abad\u00eda de Westminster en el centro de Londres, con plataformas temporales erigidas para sentar a los invitados, incluidos todos los miembros de la aristocracia brit\u00e1nica. Las restricciones de seguridad significan que hoy en d\u00eda la iglesia solo puede albergar a unas 2000 personas, lo que supone un dolor de cabeza para los planificadores.<\/p>\n\n\n\n<p>El Ministerio de Relaciones Exteriores del Reino Unido dedic\u00f3 d\u00edas a dise\u00f1ar el plan de asientos para el funeral de la Reina, teniendo en cuenta las jerarqu\u00edas y el protocolo diplom\u00e1ticos.<\/p>\n\n\n\n<p>La ceremonia de coronaci\u00f3n en s\u00ed es rica en tradici\u00f3n. El rey est\u00e1 sentado en un trono conocido como la Silla de Eduardo, sosteniendo el cetro y la vara del soberano, para representar su control constitucional de la naci\u00f3n, y el orbe del soberano, para representar al mundo cristiano. Despu\u00e9s de ser ungido con aceite, bendecido y consagrado por el clero mayor, a Carlos se le colocar\u00e1 la corona de San Eduardo en la cabeza.<\/p>\n\n\n\n<p>La corona de San Eduardo, llamada as\u00ed por el \u00faltimo rey anglosaj\u00f3n, Eduardo el Confesor, est\u00e1 hecha de oro macizo y presenta m\u00e1s de 400 piedras preciosas, incluidos rub\u00edes, granates y zafiros. La versi\u00f3n que se utilizar\u00e1 el pr\u00f3ximo a\u00f1o fue realizada originalmente para Carlos II en 1661, mide 30 cent\u00edmetros de alto y pesa 2,23 kilogramos. Por lo general, se mantiene bajo vigilancia en la Torre de Londres.<\/p>\n\n\n\n<p class=\"has-text-align-right\"><em><strong>diariolarepublica.ar.-<\/strong><\/em><\/p>\n","protected":false},"excerpt":{"rendered":"<p>La informaci\u00f3n fue difundida por funcionarios del Reino Unido. Sin embargo, desde el Palacio de Buckingham no la confirmaron.<\/p>\n","protected":false},"author":2,"featured_media":24851,"comment_status":"open","ping_status":"open","sticky":false,"template":"","format":"standard","meta":{"jnews-multi-image_gallery":[],"jnews_single_post":[],"jnews_primary_category":[],"jnews_social_meta":[],"jnews_review":[],"enable_review":"","type":"","name":"","summary":"","brand":"","sku":"","good":[],"bad":[],"score_override":"","override_value":"","rating":[],"price":[],"jnews_override_counter":[],"jnews_post_split":[],"footnotes":""},"categories":[88],"tags":[4228,4428,4319,2064,45,624,2722,4214],"class_list":["post-24850","post","type-post","status-publish","format-standard","has-post-thumbnail","hentry","category-internacionales","tag-abadia-de-westminster","tag-coronacion","tag-gobierno-britanico","tag-londres","tag-noticias","tag-realeza","tag-realeza-britanica","tag-rey-carlos-iii"],"amp_enabled":true,"_links":{"self":[{"href":"https:\/\/esreviral.com\/index.php?rest_route=\/wp\/v2\/posts\/24850"}],"collection":[{"href":"https:\/\/esreviral.com\/index.php?rest_route=\/wp\/v2\/posts"}],"about":[{"href":"https:\/\/esreviral.com\/index.php?rest_route=\/wp\/v2\/types\/post"}],"author":[{"embeddable":true,"href":"https:\/\/esreviral.com\/index.php?rest_route=\/wp\/v2\/users\/2"}],"replies":[{"embeddable":true,"href":"https:\/\/esreviral.com\/index.php?rest_route=%2Fwp%2Fv2%2Fcomments&post=24850"}],"version-history":[{"count":0,"href":"https:\/\/esreviral.com\/index.php?rest_route=\/wp\/v2\/posts\/24850\/revisions"}],"wp:featuredmedia":[{"embeddable":true,"href":"https:\/\/esreviral.com\/index.php?rest_route=\/"}],"wp:attachment":[{"href":"https:\/\/esreviral.com\/index.php?rest_route=%2Fwp%2Fv2%2Fmedia&parent=24850"}],"wp:term":[{"taxonomy":"category","embeddable":true,"href":"https:\/\/esreviral.com\/index.php?rest_route=%2Fwp%2Fv2%2Fcategories&post=24850"},{"taxonomy":"post_tag","embeddable":true,"href":"https:\/\/esreviral.com\/index.php?rest_route=%2Fwp%2Fv2%2Ftags&post=24850"}],"curies":[{"name":"wp","href":"https:\/\/api.w.org\/{rel}","templated":true}]}}