{"id":24777,"date":"2022-10-05T10:57:30","date_gmt":"2022-10-05T13:57:30","guid":{"rendered":"https:\/\/esreviral.com\/?p=24777"},"modified":"2022-10-05T10:57:30","modified_gmt":"2022-10-05T13:57:30","slug":"anuncian-una-nueva-conexion-de-un-colectivo-que-unira-el-aeropuerto-de-ezeiza-con-aeroparque","status":"publish","type":"post","link":"https:\/\/esreviral.com\/?p=24777","title":{"rendered":"Anuncian una nueva conexi\u00f3n de un colectivo que unir\u00e1 el Aeropuerto de Ezeiza con Aeroparque"},"content":{"rendered":"\n<p class=\"has-drop-cap\">Una&nbsp;<strong>l\u00ednea de colectivos&nbsp;unir\u00e1 el Aeroparque Jorge Newbery con el Aeropuerto Internacional de Ezeiza<\/strong>, tras ser autorizado su recorrido por el&nbsp;<strong>Ministerio de Transporte<\/strong>.&nbsp;La Secretar\u00eda de Gesti\u00f3n de Transporte, dependiente de la cartera dirigida por&nbsp;<strong>Alexis Guerrera<\/strong>, autoriz\u00f3 la fusi\u00f3n parcial y modificaci\u00f3n del trayecto actual&nbsp;de las&nbsp;<strong>l\u00edneas 5 y 8, ambas concesionadas a Transportes R\u00edo Grande<\/strong>.<\/p>\n\n\n\n<p>De esta forma, la nueva l\u00ednea&nbsp;<strong>permitir\u00e1 viajar entre ambos aeropuertos metropolitanos, atravesando adem\u00e1s la Terminal de \u00d3mnibus de Retiro y la hom\u00f3nima estaci\u00f3n de trenes, los carriles exclusivos del Metrob\u00fas del Bajo, Once y Liniers<\/strong>.<\/p>\n\n\n\n<p>Seg\u00fan trascendi\u00f3,&nbsp;<strong>entrar\u00e1 en vigencia en noviembre<\/strong>. La frecuencia de los nuevos servicios expresos ser\u00e1 de entre&nbsp;<strong>15 y 23 minutos en el horario de prestaci\u00f3n de los servicios expresos, y de entre 12 y 21 minutos<\/strong>&nbsp;fuera de dicho horario.<\/p>\n\n\n\n<p>Entre agosto de 2014 y hasta su cierre por la administraci\u00f3n de&nbsp;<strong>Mauricio Macri<\/strong>&nbsp;en febrero de 2018, el Ministerio de Transporte, a trav\u00e9s de&nbsp;<strong>la empresa ArBus \u2013operada por la estatal Intercargo- un\u00eda a Aeroparque con Ezeiza<\/strong>.<\/p>\n\n\n\n<p>A trav\u00e9s de dicho servicio, los pasajeros de Aerol\u00edneas Argentinas que llegaban a Aeroparque pod\u00edan utilizar ArBus gratuitamente para combinar con sus vuelos en Ezeiza.<\/p>\n\n\n\n<p>Desde entonces,&nbsp;<strong>la \u00fanica forma de trasladarse entre ambos aeropuertos es a trav\u00e9s de servicios de combis privadas y taxis \u2013en ambos casos con costos que rondan los $1.100 y $1.500-, o combinando la l\u00ednea 8 de colectivo con la 45<\/strong>.<\/p>\n\n\n\n<p>El nuevo servicio beneficiar\u00e1 especialmente a los&nbsp;<strong>pasajeros que necesiten combinar vuelos de cabotaje que aterricen o partan en Aeroparque con los internacionales de Ezeiza<\/strong>.<\/p>\n\n\n\n<p><strong><em><span style=\"background-color:#a30003\" class=\"td_text_highlight_marker\">Lea Tambi\u00e9n:<\/span><\/em><\/strong><\/p>\n\n\n\n<p class=\"has-text-align-right\"><strong><em>cronica.com.ar.-<\/em><\/strong><\/p>\n","protected":false},"excerpt":{"rendered":"<p>El Ministerio de Transporte autoriz\u00f3 la unificaci\u00f3n de las l\u00edneas 5 y 8, que modificar\u00e1n su recorrido para llegar a las dos terminales a\u00e9reas. Adem\u00e1s, se anunciaron cambios en la ubicaci\u00f3n de las paradas en Constituci\u00f3n por obras en el Centro de Transbordo.<\/p>\n","protected":false},"author":2,"featured_media":24780,"comment_status":"open","ping_status":"open","sticky":false,"template":"","format":"standard","meta":{"jnews-multi-image_gallery":[],"jnews_single_post":[],"jnews_primary_category":[],"jnews_social_meta":[],"jnews_review":[],"enable_review":"","type":"","name":"","summary":"","brand":"","sku":"","good":[],"bad":[],"score_override":"","override_value":"","rating":[],"price":[],"jnews_override_counter":[],"jnews_post_split":[],"footnotes":""},"categories":[58],"tags":[4807,3893,44,4808,4809,45],"class_list":["post-24777","post","type-post","status-publish","format-standard","has-post-thumbnail","hentry","category-argentina","tag-aeroparque-jorge-newbery","tag-aeropuerto-internacional-de-ezeiza","tag-argentina","tag-linea-de-colectivos","tag-ministerio-de-transporte-2","tag-noticias"],"amp_enabled":true,"_links":{"self":[{"href":"https:\/\/esreviral.com\/index.php?rest_route=\/wp\/v2\/posts\/24777"}],"collection":[{"href":"https:\/\/esreviral.com\/index.php?rest_route=\/wp\/v2\/posts"}],"about":[{"href":"https:\/\/esreviral.com\/index.php?rest_route=\/wp\/v2\/types\/post"}],"author":[{"embeddable":true,"href":"https:\/\/esreviral.com\/index.php?rest_route=\/wp\/v2\/users\/2"}],"replies":[{"embeddable":true,"href":"https:\/\/esreviral.com\/index.php?rest_route=%2Fwp%2Fv2%2Fcomments&post=24777"}],"version-history":[{"count":0,"href":"https:\/\/esreviral.com\/index.php?rest_route=\/wp\/v2\/posts\/24777\/revisions"}],"wp:featuredmedia":[{"embeddable":true,"href":"https:\/\/esreviral.com\/index.php?rest_route=\/"}],"wp:attachment":[{"href":"https:\/\/esreviral.com\/index.php?rest_route=%2Fwp%2Fv2%2Fmedia&parent=24777"}],"wp:term":[{"taxonomy":"category","embeddable":true,"href":"https:\/\/esreviral.com\/index.php?rest_route=%2Fwp%2Fv2%2Fcategories&post=24777"},{"taxonomy":"post_tag","embeddable":true,"href":"https:\/\/esreviral.com\/index.php?rest_route=%2Fwp%2Fv2%2Ftags&post=24777"}],"curies":[{"name":"wp","href":"https:\/\/api.w.org\/{rel}","templated":true}]}}