{"id":2476,"date":"2020-12-10T20:18:44","date_gmt":"2020-12-10T20:18:44","guid":{"rendered":"http:\/\/esreviral.com\/?p=2476"},"modified":"2020-12-10T20:18:44","modified_gmt":"2020-12-10T20:18:44","slug":"venezolanos-recorren-las-calles-de-buenos-aires-para-informar-de-la-consulta-popular","status":"publish","type":"post","link":"https:\/\/esreviral.com\/?p=2476","title":{"rendered":"Venezolanos recorren las calles de Buenos Aires para informar de la Consulta Popular"},"content":{"rendered":"\n<p><strong><em>CIS.- <\/em><\/strong>Nuevamente un grupo de activistas pol\u00edticos venezolanos que hacen vida en Buenos Aires, salieron a las calles para informar acerca de la Consulta Popular impulsada por la Asamblea Nacional de la alternativa democr\u00e1tica. <\/p>\n\n\n\n<p>En esta oportunidad estuvieron en Pueyrred\u00f3n y Santa Fe, se espera que este viernes a partir de las 11 de la ma\u00f1ana est\u00e9n por Cabildo y Juramento, recorriendo algunos locales comerciales mientras que el s\u00e1bado estar\u00e1n en las adyacencias del Cementerio de Recoleta, mientras paralelamente se da el proceso en la Facultad de Derecho.<\/p>\n\n\n\n<figure class=\"wp-block-image size-large\"><img decoding=\"async\" src=\"http:\/\/esreviral.com\/wp-content\/uploads\/2020\/12\/WhatsApp-Image-2020-12-10-at-5.09.23-PM-478x1024.jpeg\" alt=\"\" class=\"wp-image-2474\"\/><\/figure>\n","protected":false},"excerpt":{"rendered":"<p>Este s\u00e1bado el punto principal de la Consulta Popular en Buenos Aires ser\u00e1 en la Facultad de Derecho<\/p>\n","protected":false},"author":2,"featured_media":2475,"comment_status":"open","ping_status":"open","sticky":false,"template":"","format":"standard","meta":{"jnews-multi-image_gallery":[],"jnews_single_post":[],"jnews_primary_category":[],"jnews_social_meta":[],"jnews_review":[],"enable_review":"","type":"","name":"","summary":"","brand":"","sku":"","good":[],"bad":[],"score_override":"","override_value":"","rating":[],"price":[],"jnews_override_counter":[],"jnews_post_split":[],"footnotes":""},"categories":[58,59],"tags":[45,67],"class_list":["post-2476","post","type-post","status-publish","format-standard","has-post-thumbnail","hentry","category-argentina","category-politica","tag-noticias","tag-venezolanos-en-argentina"],"amp_enabled":true,"_links":{"self":[{"href":"https:\/\/esreviral.com\/index.php?rest_route=\/wp\/v2\/posts\/2476"}],"collection":[{"href":"https:\/\/esreviral.com\/index.php?rest_route=\/wp\/v2\/posts"}],"about":[{"href":"https:\/\/esreviral.com\/index.php?rest_route=\/wp\/v2\/types\/post"}],"author":[{"embeddable":true,"href":"https:\/\/esreviral.com\/index.php?rest_route=\/wp\/v2\/users\/2"}],"replies":[{"embeddable":true,"href":"https:\/\/esreviral.com\/index.php?rest_route=%2Fwp%2Fv2%2Fcomments&post=2476"}],"version-history":[{"count":0,"href":"https:\/\/esreviral.com\/index.php?rest_route=\/wp\/v2\/posts\/2476\/revisions"}],"wp:featuredmedia":[{"embeddable":true,"href":"https:\/\/esreviral.com\/index.php?rest_route=\/"}],"wp:attachment":[{"href":"https:\/\/esreviral.com\/index.php?rest_route=%2Fwp%2Fv2%2Fmedia&parent=2476"}],"wp:term":[{"taxonomy":"category","embeddable":true,"href":"https:\/\/esreviral.com\/index.php?rest_route=%2Fwp%2Fv2%2Fcategories&post=2476"},{"taxonomy":"post_tag","embeddable":true,"href":"https:\/\/esreviral.com\/index.php?rest_route=%2Fwp%2Fv2%2Ftags&post=2476"}],"curies":[{"name":"wp","href":"https:\/\/api.w.org\/{rel}","templated":true}]}}