{"id":24663,"date":"2022-10-03T10:19:36","date_gmt":"2022-10-03T13:19:36","guid":{"rendered":"https:\/\/esreviral.com\/?p=24663"},"modified":"2022-10-03T10:19:36","modified_gmt":"2022-10-03T13:19:36","slug":"lamentable-el-tricampeon-se-lesiono-y-se-retiro-de-los-sudamericanos","status":"publish","type":"post","link":"https:\/\/esreviral.com\/?p=24663","title":{"rendered":"Lamentable. El tricampe\u00f3n se lesion\u00f3 y se retir\u00f3 de los Sudamericanos"},"content":{"rendered":"\n<p><strong><em>CIS.-<\/em><\/strong> Una mala noticia recibi\u00f3 el equipo argentino de esgrima, luego que <strong>este domingo por la tarde el tricampe\u00f3n nacional, el venezolano y recientemente nacionalizado, Eduardo Salgado, sufriera una lesi\u00f3n en medio del primer combate<\/strong> que disputaba en los Juegos Sudamericanos que se realiazan en Paraguay.<\/p>\n\n\n\n<p>Salgado, de 33 a\u00f1os de edad,<strong> sufri\u00f3 una lesi\u00f3n en los ligamentos y se le sali\u00f3 la rodilla,<\/strong> por lo que tuvo que salir de la competencia en camilla y fue llevado a una cl\u00ednica de Asunci\u00f3n. <\/p>\n\n\n\n<p><strong>Era promesa de medalla en estos juegos.<\/strong> Afortunadamente se encuentra tranquilo, estable y esperando el retorno a Buenos Aires para ser evaluado por los m\u00e9dicos de la selecci\u00f3n y ser intervenido quir\u00fargicamente. <\/p>\n\n\n\n<p>Desde Es Re Viral y la comunidad venezolana, <strong>le mandamos buenas energ\u00edas y mensajes positivos al tricampe\u00f3n de sable para que se recupere pronto y est\u00e9 a tono para los Juegos Ol\u00edmpicos Paris 2024. <\/strong><\/p>\n\n\n\n<p><strong><em>Lea tambi\u00e9n:<\/em><\/strong> <a href=\"https:\/\/esreviral.com\/2022\/09\/18\/venezolano-gano-por-tercer-ano-consecutivo-el-campeonato-nacional-de-esgrima-en-argentina\/\">VENEZOLANO GAN\u00d3 POR TERCER A\u00d1O CONSECUTIVO EL CAMPEONATO NACIONAL DE ESGRIMA EN ARGENTINA<\/a><\/p>\n","protected":false},"excerpt":{"rendered":"<p>Era promesa de medalla en estos juegos. Afortunadamente se encuentra tranquilo, estable y esperando el retorno a Buenos Aires para ser evaluado por los m\u00e9dicos de la selecci\u00f3n y ser intervenido quir\u00fargicamente<\/p>\n","protected":false},"author":2,"featured_media":24664,"comment_status":"open","ping_status":"open","sticky":false,"template":"","format":"standard","meta":{"jnews-multi-image_gallery":[],"jnews_single_post":[],"jnews_primary_category":[],"jnews_social_meta":[],"jnews_review":[],"enable_review":"","type":"","name":"","summary":"","brand":"","sku":"","good":[],"bad":[],"score_override":"","override_value":"","rating":[],"price":[],"jnews_override_counter":[],"jnews_post_split":[],"footnotes":""},"categories":[48,54],"tags":[44,1288,224,4731,4732],"class_list":["post-24663","post","type-post","status-publish","format-standard","has-post-thumbnail","hentry","category-deportes","category-inmigracion","tag-argentina","tag-eduardo-salgado","tag-esgrima","tag-juegos-sudamericanos","tag-sable"],"amp_enabled":true,"_links":{"self":[{"href":"https:\/\/esreviral.com\/index.php?rest_route=\/wp\/v2\/posts\/24663"}],"collection":[{"href":"https:\/\/esreviral.com\/index.php?rest_route=\/wp\/v2\/posts"}],"about":[{"href":"https:\/\/esreviral.com\/index.php?rest_route=\/wp\/v2\/types\/post"}],"author":[{"embeddable":true,"href":"https:\/\/esreviral.com\/index.php?rest_route=\/wp\/v2\/users\/2"}],"replies":[{"embeddable":true,"href":"https:\/\/esreviral.com\/index.php?rest_route=%2Fwp%2Fv2%2Fcomments&post=24663"}],"version-history":[{"count":0,"href":"https:\/\/esreviral.com\/index.php?rest_route=\/wp\/v2\/posts\/24663\/revisions"}],"wp:featuredmedia":[{"embeddable":true,"href":"https:\/\/esreviral.com\/index.php?rest_route=\/"}],"wp:attachment":[{"href":"https:\/\/esreviral.com\/index.php?rest_route=%2Fwp%2Fv2%2Fmedia&parent=24663"}],"wp:term":[{"taxonomy":"category","embeddable":true,"href":"https:\/\/esreviral.com\/index.php?rest_route=%2Fwp%2Fv2%2Fcategories&post=24663"},{"taxonomy":"post_tag","embeddable":true,"href":"https:\/\/esreviral.com\/index.php?rest_route=%2Fwp%2Fv2%2Ftags&post=24663"}],"curies":[{"name":"wp","href":"https:\/\/api.w.org\/{rel}","templated":true}]}}