{"id":24546,"date":"2022-09-29T12:41:55","date_gmt":"2022-09-29T15:41:55","guid":{"rendered":"https:\/\/esreviral.com\/?p=24546"},"modified":"2022-09-29T12:41:55","modified_gmt":"2022-09-29T15:41:55","slug":"la-pobreza-en-argentina-fue-de-mas-del-36-en-el-primer-semestre","status":"publish","type":"post","link":"https:\/\/esreviral.com\/?p=24546","title":{"rendered":"La pobreza en Argentina fue de m\u00e1s del 36 % en el primer semestre"},"content":{"rendered":"\n<p class=\"has-drop-cap\">La\u00a0<strong>pobreza\u00a0lleg\u00f3 al 36,5%\u00a0<\/strong>en la Argentina en el primer semestre de 2022, seg\u00fan datos publicados por el\u00a0<strong>INDEC\u00a0<\/strong>este mi\u00e9rcoles. De esta manera, el nivel de pobreza<strong>\u00a0baj\u00f3<\/strong>\u00a0respecto del\u00a037,3% del semestre previo\u00a0y se alej\u00f3 del\u00a042% en el que hab\u00eda terminado 2020. Seg\u00fan las estimaciones, 17,3 millones de personas alcanzan esa condici\u00f3n.<\/p>\n\n\n\n<p>En tanto, la\u00a0<strong>indigencia\u00a0<\/strong>en los primeros seis meses de este a\u00f1o\u00a0<strong>alcanz\u00f3 el 8,8%<\/strong>. Esto es, que marc\u00f3 una suba de 0,6 puntos con relaci\u00f3n al 8,2% que se hab\u00eda informado en el relevamiento del semestre previo. Si bien esas personas forman parte de la estad\u00edstica m\u00e1s global de pobreza, pero son el\u00a0<strong>grupo m\u00e1s vulnerable<\/strong>, ya que sus ingresos no alcanzan a cubrir\u00a0la canasta b\u00e1sica alimentaria.<\/p>\n\n\n\n<figure class=\"wp-block-image size-large\"><img decoding=\"async\" src=\"https:\/\/tn.com.ar\/resizer\/eVoFR7enVtDeiSz6ucMXdH6s8Tw=\/1440x0\/smart\/cloudfront-us-east-1.images.arcpublishing.com\/artear\/OJPY3AFX5JA5LL5K4NIWFZIRBU.png\" alt=\"\"\/><\/figure>\n\n\n\n<p>En cuanto a los grupos por edad seg\u00fan, el INDEC inform\u00f3 que&nbsp;<strong>el 50,9% de los ni\u00f1os de 0 a 14 a\u00f1os son pobres,<\/strong>&nbsp;mientras que en el grupo de 15 a 29 a\u00f1os y de 30 a 64 a\u00f1os es de 43,3% y 32%, respectivamente. En la poblaci\u00f3n de 65 a\u00f1os y m\u00e1s, el 12,1% se ubic\u00f3 bajo la l\u00ednea de pobreza.<\/p>\n\n\n\n<p>A la hora de revisar geogr\u00e1ficamente, la mayor incidencia de la pobreza se observ\u00f3 en las regiones de Gran Buenos Aires y Cuyo, donde la cifra lleg\u00f3 al 37% en cada una; y el Noreste (NEA), donde se ubic\u00f3 en el 36,7%. Puntualmente, en Gran Resistencia (Chaco) el \u00edndice lleg\u00f3 al 49,9% y en Concordia (Entre R\u00edos) 49,2%.<\/p>\n\n\n\n<figure class=\"wp-block-image size-large\"><img decoding=\"async\" src=\"https:\/\/tn.com.ar\/resizer\/3xFGbtG2FC_Hpzw4SbmpLh9GJfs=\/1440x0\/smart\/cloudfront-us-east-1.images.arcpublishing.com\/artear\/T4FWWDI4DVC2TCZ2RWX7CLH3SE.png\" alt=\"\"\/><\/figure>\n\n\n\n<p>En contrapartida, los menores indicadores de pobreza se reportaron en las regiones Patagonia (31,4%) y Noroeste (NOA), con el 36%.<\/p>\n\n\n\n<p>Para comprender\u00a0<strong>c\u00f3mo mide el INDEC la pobreza,<\/strong>\u00a0hay que saber que se cruzan los datos de la<strong>Canasta B\u00e1sica Total (CBT)\u00a0y los de ingresos.<\/strong>\u00a0El n\u00famero final del primer semestre de 2022 surge de un promedio entre lo que ocurri\u00f3 en el primer trimestre y el segundo trimestre del a\u00f1o.<\/p>\n\n\n\n<p>Seg\u00fan especialistas consultados por TN, en 2022 hubo un buen primer trimestre, con una&nbsp;<strong>inflaci\u00f3n en enero y febrero<\/strong>&nbsp;muy lejana a la que se ve hoy en la Argentina, y todav\u00eda con un efecto derrame de las medidas asistenciales que se activaron para las elecciones de 2021.&nbsp;<strong>En el segundo trimestre, esa din\u00e1mica se revirti\u00f3.<\/strong><\/p>\n\n\n\n<p>Asimismo, para lo que queda de este a\u00f1o, los expertos consideran que la informaci\u00f3n que se conocer\u00e1 en 2023 podr\u00eda acercarse m\u00e1s al 40%. Esta tendencia suceder\u00e1 porque en julio y agosto la CBT dio un salto y\u00a0pas\u00f3 a crecer interanualmente a un ritmo del 74%\u00a0producto de la inflaci\u00f3n.<\/p>\n\n\n\n<p class=\"has-text-align-right\"><strong><em>TN.-<\/em><\/strong><\/p>\n","protected":false},"excerpt":{"rendered":"<p>La cifra descendi\u00f3 en relaci\u00f3n con el 37,3% de los seis meses previos. La indigencia fue del 8,8%. La alta inflaci\u00f3n impactar\u00e1 en la pr\u00f3xima medici\u00f3n.<\/p>\n","protected":false},"author":2,"featured_media":24547,"comment_status":"open","ping_status":"open","sticky":false,"template":"","format":"standard","meta":{"jnews-multi-image_gallery":[],"jnews_single_post":[],"jnews_primary_category":[],"jnews_social_meta":[],"jnews_review":[],"enable_review":"","type":"","name":"","summary":"","brand":"","sku":"","good":[],"bad":[],"score_override":"","override_value":"","rating":[],"price":[],"jnews_override_counter":[],"jnews_post_split":[],"footnotes":""},"categories":[61],"tags":[44,2054,4687,268,2604,45,396],"class_list":["post-24546","post","type-post","status-publish","format-standard","has-post-thumbnail","hentry","category-economia","tag-argentina","tag-indec","tag-indigencia","tag-inflacion","tag-inflacion-y-precios","tag-noticias","tag-pobreza"],"amp_enabled":true,"_links":{"self":[{"href":"https:\/\/esreviral.com\/index.php?rest_route=\/wp\/v2\/posts\/24546"}],"collection":[{"href":"https:\/\/esreviral.com\/index.php?rest_route=\/wp\/v2\/posts"}],"about":[{"href":"https:\/\/esreviral.com\/index.php?rest_route=\/wp\/v2\/types\/post"}],"author":[{"embeddable":true,"href":"https:\/\/esreviral.com\/index.php?rest_route=\/wp\/v2\/users\/2"}],"replies":[{"embeddable":true,"href":"https:\/\/esreviral.com\/index.php?rest_route=%2Fwp%2Fv2%2Fcomments&post=24546"}],"version-history":[{"count":0,"href":"https:\/\/esreviral.com\/index.php?rest_route=\/wp\/v2\/posts\/24546\/revisions"}],"wp:featuredmedia":[{"embeddable":true,"href":"https:\/\/esreviral.com\/index.php?rest_route=\/"}],"wp:attachment":[{"href":"https:\/\/esreviral.com\/index.php?rest_route=%2Fwp%2Fv2%2Fmedia&parent=24546"}],"wp:term":[{"taxonomy":"category","embeddable":true,"href":"https:\/\/esreviral.com\/index.php?rest_route=%2Fwp%2Fv2%2Fcategories&post=24546"},{"taxonomy":"post_tag","embeddable":true,"href":"https:\/\/esreviral.com\/index.php?rest_route=%2Fwp%2Fv2%2Ftags&post=24546"}],"curies":[{"name":"wp","href":"https:\/\/api.w.org\/{rel}","templated":true}]}}