{"id":2446,"date":"2020-12-09T18:22:43","date_gmt":"2020-12-09T18:22:43","guid":{"rendered":"http:\/\/esreviral.com\/?p=2446"},"modified":"2020-12-09T18:22:43","modified_gmt":"2020-12-09T18:22:43","slug":"un-empresario-se-confundio-y-le-disparo-a-un-delivery-venezolano","status":"publish","type":"post","link":"https:\/\/esreviral.com\/?p=2446","title":{"rendered":"Un empresario se \u00abconfundi\u00f3\u00bb y le dispar\u00f3 a un delivery venezolano (+VIDEO)"},"content":{"rendered":"\n<p><strong><em>CIS.-<\/em><\/strong> Lo que pudo culminar en una tragedia finalmente, fue s\u00f3lo un susto y es que la tarde de este martes, un empresario argentino que transitaba por el partido de Vicente L\u00f3pez en su veh\u00edculo, crey\u00f3 que lo iban persiguiendo para robarlo. <\/p>\n\n\n\n<p>Un veh\u00edculo y una moto iban detr\u00e1s de \u00e9l, el auto lo pas\u00f3 y luego la moto qued\u00f3 atr\u00e1s. El empresario detuvo al motociclista, dispar\u00f3 hacia el piso, aunque el proyectil no robot\u00f3, hizo maniobras con el joven que trabaja como delivery, lo amenaz\u00f3 y golpe\u00f3. <\/p>\n\n\n\n<figure class=\"wp-block-embed-youtube wp-block-embed is-type-video is-provider-youtube wp-embed-aspect-16-9 wp-has-aspect-ratio\"><div class=\"wp-block-embed__wrapper\">\n<div class=\"jeg_video_container jeg_video_content\"><iframe title=\"Locura en Vicente L\u00f3pez: pens\u00f3 que quer\u00edan robarle y atac\u00f3 a tiros a un delivery\" width=\"500\" height=\"281\" src=\"https:\/\/www.youtube.com\/embed\/BPmMzt02Zdw?feature=oembed\" frameborder=\"0\" allow=\"accelerometer; autoplay; clipboard-write; encrypted-media; gyroscope; picture-in-picture; web-share\" referrerpolicy=\"strict-origin-when-cross-origin\" allowfullscreen><\/iframe><\/div>\n<\/div><\/figure>\n\n\n\n<p>Al escuchar el disparo y la situaci\u00f3n, los vecinos llamaron a la polic\u00eda quienes llegaron al lugar y empezaron las averiguaciones, las cuales arrojaron que el joven venezolano llevaba consigo la mochila de una empresa de repartos y ten\u00eda la aplicaci\u00f3n en su celular, adem\u00e1s de su testimonio, certificaron que no era un delincuente como cre\u00eda el empresario. <\/p>\n\n\n\n<p>\u201cEstaba trabajando en mi casa y sal\u00ed cuando escuch\u00e9 el disparo. Entonces vi a este hombre que le pegaba al muchacho y lo insultaba. Una vez que llegaron los polic\u00edas,&nbsp;<strong>actuaron como si el repartidor fuese culpable<\/strong>, pese a que no ten\u00eda nada encima\u201d, narr\u00f3 Leonel, un vecino de la zona, en di\u00e1logo con&nbsp;<em>TN<\/em>.<\/p>\n\n\n\n<p>\u201cAl chico lo tiraron al piso, le pusieron las esposas y lo subieron arriba del m\u00f3vil. Y el otro tipo segu\u00eda lo m\u00e1s pancho, caminando, hablando con la gente. Tiraba bromas, incluso\u201d, describi\u00f3 el testigo. Y concluy\u00f3:&nbsp;<strong>\u201cEl chico quer\u00eda desaparecer del miedo que ten\u00eda<\/strong>. Y nadie lo defendi\u00f3\u201d.<\/p>\n\n\n\n<p> Los investigadores a\u00fan se encuentran analizando las c\u00e1maras de seguridad de la zona para descifrar c\u00f3mo fue la mec\u00e1nica del hecho,\u00a0<strong>por el momento no se labraron actuaciones en contra del repartidor, quien adem\u00e1s no posee antecedentes.<\/strong><\/p>\n\n\n\n<p>El victimario ahora tendr\u00e1 que responder a la justicia por no tener porte de armas y llevar consigo una. \u201c<strong>No ten\u00eda por qu\u00e9 sacarlo de su esfera privada. Ahora, la investigaci\u00f3n reci\u00e9n comienza y estamos haciendo el relevo de las c\u00e1maras de seguridad, vamos a chequear efectivamente que el chico trabaja de delivery y avanzaremos con la causa del arma\u201d<\/strong>,\u00a0explic\u00f3 una fuente ligada a a investigaci\u00f3n. <\/p>\n\n\n\n<p><\/p>\n","protected":false},"excerpt":{"rendered":"<p>Afortunadamente el joven sali\u00f3 ileso y se comprob\u00f3 que andaba trabajando<\/p>\n","protected":false},"author":2,"featured_media":2447,"comment_status":"open","ping_status":"open","sticky":false,"template":"","format":"standard","meta":{"jnews-multi-image_gallery":[],"jnews_single_post":[],"jnews_primary_category":[],"jnews_social_meta":[],"jnews_review":[],"enable_review":"","type":"","name":"","summary":"","brand":"","sku":"","good":[],"bad":[],"score_override":"","override_value":"","rating":[],"price":[],"jnews_override_counter":[],"jnews_post_split":[],"footnotes":""},"categories":[64],"tags":[45,65,67],"class_list":["post-2446","post","type-post","status-publish","format-standard","has-post-thumbnail","hentry","category-sucesos","tag-noticias","tag-sucesos","tag-venezolanos-en-argentina"],"amp_enabled":true,"_links":{"self":[{"href":"https:\/\/esreviral.com\/index.php?rest_route=\/wp\/v2\/posts\/2446"}],"collection":[{"href":"https:\/\/esreviral.com\/index.php?rest_route=\/wp\/v2\/posts"}],"about":[{"href":"https:\/\/esreviral.com\/index.php?rest_route=\/wp\/v2\/types\/post"}],"author":[{"embeddable":true,"href":"https:\/\/esreviral.com\/index.php?rest_route=\/wp\/v2\/users\/2"}],"replies":[{"embeddable":true,"href":"https:\/\/esreviral.com\/index.php?rest_route=%2Fwp%2Fv2%2Fcomments&post=2446"}],"version-history":[{"count":0,"href":"https:\/\/esreviral.com\/index.php?rest_route=\/wp\/v2\/posts\/2446\/revisions"}],"wp:featuredmedia":[{"embeddable":true,"href":"https:\/\/esreviral.com\/index.php?rest_route=\/"}],"wp:attachment":[{"href":"https:\/\/esreviral.com\/index.php?rest_route=%2Fwp%2Fv2%2Fmedia&parent=2446"}],"wp:term":[{"taxonomy":"category","embeddable":true,"href":"https:\/\/esreviral.com\/index.php?rest_route=%2Fwp%2Fv2%2Fcategories&post=2446"},{"taxonomy":"post_tag","embeddable":true,"href":"https:\/\/esreviral.com\/index.php?rest_route=%2Fwp%2Fv2%2Ftags&post=2446"}],"curies":[{"name":"wp","href":"https:\/\/api.w.org\/{rel}","templated":true}]}}