{"id":24301,"date":"2022-09-26T11:14:27","date_gmt":"2022-09-26T14:14:27","guid":{"rendered":"https:\/\/esreviral.com\/?p=24301"},"modified":"2022-09-26T11:14:27","modified_gmt":"2022-09-26T14:14:27","slug":"lionel-messi-afirma-que-argentina-es-una-seleccion-preparada-para-pelearle-a-cualquiera","status":"publish","type":"post","link":"https:\/\/esreviral.com\/?p=24301","title":{"rendered":"Lionel Messi afirma que \u00abArgentina es una selecci\u00f3n preparada para pelearle a cualquiera\u00bb"},"content":{"rendered":"\n<p class=\"has-drop-cap\">El capit\u00e1n del seleccionado argentino, Lionel Messi destac\u00f3 este domingo que el equipo conducido por Lionel Scaloni \u00abest\u00e1 en condiciones de pelear con cualquiera\u00bb por el t\u00edtulo en el Mundial de Qatar \u00abporque tiene muy claro que hacer en cada partido\u00bb.<\/p>\n\n\n\n<p>\u00abEste seleccionado de Argentina est\u00e1 preparado para enfrentar a cualquiera porque tiene muy claro qu\u00e9 hacer en cada partido, ya que desde el cuerpo t\u00e9cnico los preparan muy bien sea cual fuere el rival de turno\u00bb, le explic\u00f3 Messi a una gloria de Barcelona como el b\u00falgaro Hristo Stoichkov, que trabaja para la cadena TUDN.<\/p>\n\n\n\n<p>\u00abComo todos dicen, despu\u00e9s de ganar la Copa Am\u00e9rica en Brasil ya el equipo se solt\u00f3 y entendi\u00f3 que el objetivo era seguir por ese camino para poder dar lo mejor en el Mundial, que sabemos ser\u00e1 dif\u00edcil porque ah\u00ed los peque\u00f1os detalles te dejan afuera. Pero esta es una selecci\u00f3n preparada para competir contra todos\u00bb, afirm\u00f3.<\/p>\n\n\n\n<p>Messi analiz\u00f3 que las dificultades en un Mundial \u00abempiezan ya en la fase de grupos, como se vio en Rusia, que el nuestro parec\u00eda accesible y se termin\u00f3 pasando a octavos de final reci\u00e9n en el final del tercer partido con Nigeria, luego de igualar con Islandia y caer con Croacia\u00bb.<\/p>\n\n\n\n<figure class=\"wp-block-embed aligncenter is-type-rich is-provider-twitter wp-block-embed-twitter\"><div class=\"wp-block-embed__wrapper\">\n<blockquote class=\"twitter-tweet\" data-width=\"500\" data-dnt=\"true\"><p lang=\"es\" dir=\"ltr\"><a href=\"https:\/\/twitter.com\/hashtag\/Selecci%C3%B3nMayor?src=hash&amp;ref_src=twsrc%5Etfw\">#Selecci\u00f3nMayor<\/a> Trabajando un domingo en <a href=\"https:\/\/twitter.com\/hashtag\/Miami?src=hash&amp;ref_src=twsrc%5Etfw\">#Miami<\/a> \ud83e\udd2a<br><br>\ud83d\udd0a Sonido ambiente para una tarde de sol y f\u00fatbol. <a href=\"https:\/\/t.co\/nmP8uTscVN\">pic.twitter.com\/nmP8uTscVN<\/a><\/p>&mdash; \ud83c\udde6\ud83c\uddf7 Selecci\u00f3n Argentina \u2b50\u2b50\u2b50 (@Argentina) <a href=\"https:\/\/twitter.com\/Argentina\/status\/1574211463476125696?ref_src=twsrc%5Etfw\">September 26, 2022<\/a><\/blockquote><script async src=\"https:\/\/platform.twitter.com\/widgets.js\" charset=\"utf-8\"><\/script>\n<\/div><\/figure>\n\n\n\n<p>\u00abEn cambio esta vez en Qatar tenemos un grupo muy duro y, somos conscientes de eso. Es important\u00edsimo empezar ganando el primer partido con Arabia Saudita porque te da la tranquilidad de tener tres puntos adentro y afrontar el siguiente con M\u00e9xico de otra manera. Pero el primero es clave\u00bb, enfatiz\u00f3.<\/p>\n\n\n\n<p>\u00abAhora se arm\u00f3 un lindo grupo en la selecci\u00f3n, muy fuerte, que como diferencia con los anteriores tiene el hecho de haber salido campe\u00f3n en la Copa Am\u00e9rica, ya que con eso se trabaja de otra manera y las cosas salen autom\u00e1ticamente\u00bb, refrend\u00f3.<\/p>\n\n\n\n<p>Y finalmente record\u00f3 que ganar esa Copa del Mundo \u00abfue algo incre\u00edble\u00bb, a la vez que asegur\u00f3 estar pasando \u00abun buen momento en PSG por haberse dado el reencuentro con Neymar como en los tiempos de Barcelona. El gran objetivo es ganar la Champions League y para eso tenemos a una bestia en el uno contra uno como Kylian Mbapp\u00e9\u00bb, elogi\u00f3.<\/p>\n\n\n\n<p class=\"has-text-align-right\"><strong><em>Telam.-<\/em><\/strong><\/p>\n","protected":false},"excerpt":{"rendered":"<p>El capit\u00e1n albiceleste analiz\u00f3 que las dificultades en un Mundial \u00abempiezan ya en la fase de grupos, como se vio en Rusia, que el nuestro parec\u00eda accesible y se termin\u00f3 pasando a octavos de final reci\u00e9n en el final del tercer partido con Nigeria\u00bb.<\/p>\n","protected":false},"author":2,"featured_media":24302,"comment_status":"open","ping_status":"open","sticky":false,"template":"","format":"standard","meta":{"jnews-multi-image_gallery":[],"jnews_single_post":[],"jnews_primary_category":[],"jnews_social_meta":[],"jnews_review":[],"enable_review":"","type":"","name":"","summary":"","brand":"","sku":"","good":[],"bad":[],"score_override":"","override_value":"","rating":[],"price":[],"jnews_override_counter":[],"jnews_post_split":[],"footnotes":""},"categories":[48],"tags":[44,49,136,90,1642,4569,1129,57,72,45,75,2274],"class_list":["post-24301","post","type-post","status-publish","format-standard","has-post-thumbnail","hentry","category-deportes","tag-argentina","tag-deportes","tag-estados-unidos","tag-futbol","tag-gira","tag-jamaica","tag-lionel-messi","tag-messi","tag-mundial-de-futbol","tag-noticias","tag-qatar-2022","tag-seleccion-nacional"],"amp_enabled":true,"_links":{"self":[{"href":"https:\/\/esreviral.com\/index.php?rest_route=\/wp\/v2\/posts\/24301"}],"collection":[{"href":"https:\/\/esreviral.com\/index.php?rest_route=\/wp\/v2\/posts"}],"about":[{"href":"https:\/\/esreviral.com\/index.php?rest_route=\/wp\/v2\/types\/post"}],"author":[{"embeddable":true,"href":"https:\/\/esreviral.com\/index.php?rest_route=\/wp\/v2\/users\/2"}],"replies":[{"embeddable":true,"href":"https:\/\/esreviral.com\/index.php?rest_route=%2Fwp%2Fv2%2Fcomments&post=24301"}],"version-history":[{"count":0,"href":"https:\/\/esreviral.com\/index.php?rest_route=\/wp\/v2\/posts\/24301\/revisions"}],"wp:featuredmedia":[{"embeddable":true,"href":"https:\/\/esreviral.com\/index.php?rest_route=\/"}],"wp:attachment":[{"href":"https:\/\/esreviral.com\/index.php?rest_route=%2Fwp%2Fv2%2Fmedia&parent=24301"}],"wp:term":[{"taxonomy":"category","embeddable":true,"href":"https:\/\/esreviral.com\/index.php?rest_route=%2Fwp%2Fv2%2Fcategories&post=24301"},{"taxonomy":"post_tag","embeddable":true,"href":"https:\/\/esreviral.com\/index.php?rest_route=%2Fwp%2Fv2%2Ftags&post=24301"}],"curies":[{"name":"wp","href":"https:\/\/api.w.org\/{rel}","templated":true}]}}