{"id":24201,"date":"2022-09-23T09:33:41","date_gmt":"2022-09-23T12:33:41","guid":{"rendered":"https:\/\/esreviral.com\/?p=24201"},"modified":"2022-09-23T09:33:41","modified_gmt":"2022-09-23T12:33:41","slug":"marchan-al-congreso-para-reclamar-el-reconocimiento-de-la-lengua-de-senas-a-nivel-nacional","status":"publish","type":"post","link":"https:\/\/esreviral.com\/?p=24201","title":{"rendered":"Marchan al Congreso para reclamar el reconocimiento de la Lengua de Se\u00f1as en Argentina"},"content":{"rendered":"\n<p class=\"has-drop-cap\">La Confederaci\u00f3n Argentina de Sordos (CAS) y m\u00e1s de 53 asociaciones e instituciones de personas sordas de todo el pa\u00eds se concentrar\u00e1n este viernes frente al Congreso de la Naci\u00f3n para reclamar el&nbsp;<strong>reconocimiento oficial de la Lengua de Se\u00f1as Argentina (LSA)<\/strong>&nbsp;como idioma natural de las personas sordas en todo el territorio argentino.<\/p>\n\n\n\n<p>La convocatoria se desarrollar\u00e1&nbsp;<strong>a partir de las 14<\/strong>&nbsp;en demanda del \u00abreconocimiento legal de la como una lengua natural y originaria que conforma el patrimonio ling\u00fc\u00edstico y cultural inmaterial de las personas sordas en todo el territorio de la Naci\u00f3n Argentina\u00bb.<\/p>\n\n\n\n<p>La CAS hace m\u00e1s de 15 a\u00f1os que viene luchando por el reconocimiento legal de la LSA a nivel nacional.<\/p>\n\n\n\n<p>Con esta consigna lleva adelante adem\u00e1s una campa\u00f1a de recolecci\u00f3n de firmas que lleva reunidas 120 mil adhesiones (<a href=\"http:\/\/www.change.org\/LeyLSA\" target=\"_blank\" rel=\"noreferrer noopener\">www.change.org\/LeyLSA<\/a>), en la que advierten que, \u00abdesde hace d\u00e9cadas, miles de ni\u00f1as y ni\u00f1os sordos e hipoac\u00fasicos contin\u00faan sin lograr una fluidez nativa y un dominio completo de al menos un idioma natural, siendo perjudicados en su posterior desarrollo personal e inserci\u00f3n social\u00bb.<\/p>\n\n\n\n<p>La fecha de la marcha no es azarosa: este viernes, 23 de septiembre, se celebra el D\u00eda Internacional de las Lenguas de Se\u00f1as, una \u00aboportunidad \u00fanica para apoyar y proteger la identidad ling\u00fc\u00edstica y la diversidad cultural de todas las personas sordas, adem\u00e1s de otros usuarios de las lenguas de se\u00f1as\u00bb, plantearon desde la Confederaci\u00f3n Argentina de Sordos.<\/p>\n\n\n\n<p>\u00abEsta lucha colectiva pretende saldar esta&nbsp;<strong>deuda pendiente&nbsp;<\/strong>que el Estado todav\u00eda tiene con nuestra comunidad\u00bb, indic\u00f3 la CAS en un comunicado.<\/p>\n\n\n\n<figure class=\"wp-block-embed aligncenter is-type-rich is-provider-twitter wp-block-embed-twitter\"><div class=\"wp-block-embed__wrapper\">\n<blockquote class=\"twitter-tweet\" data-width=\"500\" data-dnt=\"true\"><p lang=\"es\" dir=\"ltr\">El Departamento de LSA de la CAS trabaj\u00f3 con representantes de Departamentos de LSA de las asociaciones de personas sordas del pa\u00eds por el per\u00edodo de 2 a\u00f1os con el objetivo de investigar las distintas se\u00f1as que forman parte del alfabeto manual argentino. <a href=\"https:\/\/t.co\/41IMXJ668u\">pic.twitter.com\/41IMXJ668u<\/a><\/p>&mdash; CAS_Argentina (@cas_argentina) <a href=\"https:\/\/twitter.com\/cas_argentina\/status\/1573018138047832065?ref_src=twsrc%5Etfw\">September 22, 2022<\/a><\/blockquote><script async src=\"https:\/\/platform.twitter.com\/widgets.js\" charset=\"utf-8\"><\/script>\n<\/div><\/figure>\n\n\n\n<p>Durante 2020 y 2021 la CAS junto con las asociaciones afiliadas realizaron una Campa\u00f1a Federal, divididas en seis mesas de trabajo regionales donde participaron una diversidad importante de personas sordas y oyentes, de diferentes \u00e1mbitos p\u00fablicos y privados, acad\u00e9micos e institucionales, y desde los distintos rincones del pa\u00eds, para consensuar cu\u00e1les deber\u00edan ser los ejes rectores m\u00ednimos que una Ley Federal de Lengua de Se\u00f1as Argentina.<\/p>\n\n\n\n<p>\u00abAfirmamos y creemos fundamental que este proyecto de ley se aborde, no desde una perspectiva de normalizaci\u00f3n y reparaci\u00f3n, sino como una cuesti\u00f3n de derechos humanos. Todo ni\u00f1o tiene derecho a adquirir en forma temprana una lengua perceptualmente accesible, a recibir una educaci\u00f3n de calidad, a participar plenamente de la vida social\u00bb, afirm\u00f3 la organizaci\u00f3n.<\/p>\n\n\n\n<blockquote class=\"wp-block-quote td_quote_box td_box_center is-layout-flow wp-block-quote-is-layout-flow\"><p>En 62 pa\u00edses del mundo la lengua de se\u00f1as local tiene reconocimiento oficial<\/p><\/blockquote>\n\n\n\n<p>En ese punto, agreg\u00f3 que la deuda pendiente del Estado es \u00abreconocer la LSA como tal y otorgarle un estatus ling\u00fc\u00edstico como toda lengua, avanzando sobre una ley de lengua de se\u00f1as con los aportes, saberes y propuestas de las mismas organizaciones sociales de personas sordas, que son quienes utilizan diariamente la LSA\u00bb.<\/p>\n\n\n\n<p>Seg\u00fan la Federaci\u00f3n Mundial de Sordos<strong>, a nivel global existen 70 millones de personas sordas usuarias de lengua de se\u00f1as como primera lengua<\/strong>.<\/p>\n\n\n\n<p><strong>En 62 pa\u00edses la lengua de se\u00f1as local tiene reconocimiento oficial<\/strong>, mientras que en Sudam\u00e9rica s\u00f3lo dos pa\u00edses no tienen esta ley: Guyana y la Argentina.<\/p>\n\n\n\n<p class=\"has-text-align-right\"><strong><em>Telam.-<\/em><\/strong><\/p>\n","protected":false},"excerpt":{"rendered":"<p>El llamado movilizar\u00e1 a la comunidad, con m\u00e1s de 53 asociaciones e instituciones de todo el pa\u00eds, para pedir el \u00abreconocimiento legal de la Lengua de Se\u00f1as Argentina como una lengua natural y originaria que conforma el patrimonio ling\u00fc\u00edstico y cultural inmaterial de las personas sordas en todo el territorio de la Naci\u00f3n Argentina\u00bb.<\/p>\n","protected":false},"author":2,"featured_media":24202,"comment_status":"open","ping_status":"open","sticky":false,"template":"","format":"standard","meta":{"jnews-multi-image_gallery":[],"jnews_single_post":[],"jnews_primary_category":[],"jnews_social_meta":[],"jnews_review":[],"enable_review":"","type":"","name":"","summary":"","brand":"","sku":"","good":[],"bad":[],"score_override":"","override_value":"","rating":[],"price":[],"jnews_override_counter":[],"jnews_post_split":[],"footnotes":""},"categories":[58],"tags":[44,167,4511,102,3064,45,4512,4513],"class_list":["post-24201","post","type-post","status-publish","format-standard","has-post-thumbnail","hentry","category-argentina","tag-argentina","tag-congreso","tag-lengua-de-senas","tag-marcha","tag-movilizacion","tag-noticias","tag-reconocimiento","tag-sordera"],"amp_enabled":true,"_links":{"self":[{"href":"https:\/\/esreviral.com\/index.php?rest_route=\/wp\/v2\/posts\/24201"}],"collection":[{"href":"https:\/\/esreviral.com\/index.php?rest_route=\/wp\/v2\/posts"}],"about":[{"href":"https:\/\/esreviral.com\/index.php?rest_route=\/wp\/v2\/types\/post"}],"author":[{"embeddable":true,"href":"https:\/\/esreviral.com\/index.php?rest_route=\/wp\/v2\/users\/2"}],"replies":[{"embeddable":true,"href":"https:\/\/esreviral.com\/index.php?rest_route=%2Fwp%2Fv2%2Fcomments&post=24201"}],"version-history":[{"count":0,"href":"https:\/\/esreviral.com\/index.php?rest_route=\/wp\/v2\/posts\/24201\/revisions"}],"wp:featuredmedia":[{"embeddable":true,"href":"https:\/\/esreviral.com\/index.php?rest_route=\/"}],"wp:attachment":[{"href":"https:\/\/esreviral.com\/index.php?rest_route=%2Fwp%2Fv2%2Fmedia&parent=24201"}],"wp:term":[{"taxonomy":"category","embeddable":true,"href":"https:\/\/esreviral.com\/index.php?rest_route=%2Fwp%2Fv2%2Fcategories&post=24201"},{"taxonomy":"post_tag","embeddable":true,"href":"https:\/\/esreviral.com\/index.php?rest_route=%2Fwp%2Fv2%2Ftags&post=24201"}],"curies":[{"name":"wp","href":"https:\/\/api.w.org\/{rel}","templated":true}]}}