{"id":242,"date":"2020-10-15T18:18:41","date_gmt":"2020-10-15T18:18:41","guid":{"rendered":"http:\/\/esreviral.com\/?p=235"},"modified":"2020-10-15T18:18:41","modified_gmt":"2020-10-15T18:18:41","slug":"por-fin-omar-vizquel-se-defendio-de-las-acusaciones","status":"publish","type":"post","link":"https:\/\/esreviral.com\/?p=242","title":{"rendered":"\u00a1Por fin! Omar Vizquel se defendi\u00f3 de las acusaciones"},"content":{"rendered":"\n<p>Tras haber sido acusado de violencia domestica por su todav\u00eda esposa<strong>&nbsp;Blanca Garc\u00eda<\/strong>,&nbsp;<strong>Omar Vizquel<\/strong>&nbsp;decidi\u00f3 hablar por primera vez del tema. Aunque hace unos d\u00edas se pronunci\u00f3, lo \u00fanico que dijo es que no se sumar\u00eda a una discusi\u00f3n en redes sociales.<\/p>\n\n\n\n<p>El exgrandeliga rompi\u00f3 el silencio y en una entrevista con\u00a0<strong><em>El Pitazo<\/em>\u00a0<\/strong>coment\u00f3 que la supuesta agresi\u00f3n que sufri\u00f3 Blanca, por parte de \u00e9l, es falsa. Adem\u00e1s, cont\u00f3 que su principal objetivo es resolver legalmente la situaci\u00f3n que atraviesa con su expareja.<\/p>\n\n\n\n<p>Asimismo, el candidato al Sal\u00f3n de la Fama coment\u00f3: \u201cSe fue de aqu\u00ed hace dos meses, el 12 de agosto, creo. Ella decidi\u00f3 irse con su mam\u00e1, que estaba viviendo aqu\u00ed con nosotros y desde ese entonces ya no la he visto m\u00e1s\u201d.<\/p>\n\n\n\n<p>Agreg\u00f3 que la decisi\u00f3n del divorcio la tom\u00f3 Garc\u00eda, pero que la causa de la separaci\u00f3n no tuvo nada que ver con que existiera violencia de g\u00e9nero: \u201cella fue la que decidi\u00f3 salir de la casa y no fue por ning\u00fan inconveniente de violencia dom\u00e9stica ni nada de eso\u201d.<\/p>\n\n\n\n<p><\/p>\n\n\n\n<p>Respecto al tema de la crianza de su hija,&nbsp;<strong>Caylee Rae Vizquel<\/strong>, el legendario campocorto asegur\u00f3 que su esposa se molest\u00f3 cuando Omar interven\u00eda para defender a la adolescente, al parecer entre Caylee y la supuesta v\u00edctima no exist\u00eda buena relaci\u00f3n. \u201cYo tom\u00e9 parte por mi hija. Yo creo que no fue capaz de mantener esa relaci\u00f3n con ella y eso fue lo que dispar\u00f3 todo\u201d.<\/p>\n\n\n\n<figure class=\"wp-block-image\" id=\"attachment_164434\"><img decoding=\"async\" src=\"https:\/\/revistaronda.net\/wp-content\/uploads\/2020\/10\/omar_vizquel_1280_1yn94rd3_fxuvmorn-1.jpg\" alt=\"Omar Vizquel\" class=\"wp-image-164434\"\/><figcaption>Foto \u2013 cortes\u00eda<\/figcaption><\/figure>\n\n\n\n<p>Finalmente, Omar Vizquel revel\u00f3 que asisti\u00f3 a terapia familiar con Blanca, sin embargo, esta no ayud\u00f3, por lo que la relaci\u00f3n no tuvo salvaci\u00f3n. \u201cYo nunca he tenido un arma de fuego. Respeto mucho esas cosas y por consiguiente nunca he tenido un arma de fuego\u201d, agreg\u00f3.<\/p>\n\n\n\n<p class=\"has-text-align-right\"><strong>Revista Ronda.-<\/strong><\/p>\n","protected":false},"excerpt":{"rendered":"<p>Tras haber sido acusado de violencia domestica por su todav\u00eda esposa&nbsp;Blanca Garc\u00eda,&nbsp;Omar Vizquel&nbsp;decidi\u00f3 hablar por primera vez del tema. Aunque hace unos d\u00edas se pronunci\u00f3, lo \u00fanico que dijo es que no se sumar\u00eda a una discusi\u00f3n en redes sociales. El exgrandeliga rompi\u00f3 el silencio y en una entrevista con\u00a0El Pitazo\u00a0coment\u00f3 que la supuesta agresi\u00f3n [&hellip;]<\/p>\n","protected":false},"author":2,"featured_media":236,"comment_status":"open","ping_status":"open","sticky":false,"template":"","format":"standard","meta":{"jnews-multi-image_gallery":[],"jnews_single_post":[],"jnews_primary_category":[],"jnews_social_meta":[],"jnews_review":[],"enable_review":"","type":"","name":"","summary":"","brand":"","sku":"","good":[],"bad":[],"score_override":"","override_value":"","rating":[],"price":[],"jnews_override_counter":[],"jnews_post_split":[],"footnotes":""},"categories":[50],"tags":[51,45,52],"class_list":["post-242","post","type-post","status-publish","format-standard","has-post-thumbnail","hentry","category-entretenimiento","tag-entretenimiento","tag-noticias","tag-omar-vizquel"],"_links":{"self":[{"href":"https:\/\/esreviral.com\/index.php?rest_route=\/wp\/v2\/posts\/242","targetHints":{"allow":["GET"]}}],"collection":[{"href":"https:\/\/esreviral.com\/index.php?rest_route=\/wp\/v2\/posts"}],"about":[{"href":"https:\/\/esreviral.com\/index.php?rest_route=\/wp\/v2\/types\/post"}],"author":[{"embeddable":true,"href":"https:\/\/esreviral.com\/index.php?rest_route=\/wp\/v2\/users\/2"}],"replies":[{"embeddable":true,"href":"https:\/\/esreviral.com\/index.php?rest_route=%2Fwp%2Fv2%2Fcomments&post=242"}],"version-history":[{"count":0,"href":"https:\/\/esreviral.com\/index.php?rest_route=\/wp\/v2\/posts\/242\/revisions"}],"wp:featuredmedia":[{"embeddable":true,"href":"https:\/\/esreviral.com\/index.php?rest_route=\/"}],"wp:attachment":[{"href":"https:\/\/esreviral.com\/index.php?rest_route=%2Fwp%2Fv2%2Fmedia&parent=242"}],"wp:term":[{"taxonomy":"category","embeddable":true,"href":"https:\/\/esreviral.com\/index.php?rest_route=%2Fwp%2Fv2%2Fcategories&post=242"},{"taxonomy":"post_tag","embeddable":true,"href":"https:\/\/esreviral.com\/index.php?rest_route=%2Fwp%2Fv2%2Ftags&post=242"}],"curies":[{"name":"wp","href":"https:\/\/api.w.org\/{rel}","templated":true}]}}