{"id":24001,"date":"2022-09-21T14:25:07","date_gmt":"2022-09-21T17:25:07","guid":{"rendered":"https:\/\/esreviral.com\/?p=24001"},"modified":"2022-09-21T14:25:07","modified_gmt":"2022-09-21T17:25:07","slug":"diveana-aseguro-que-perdono-a-miguel-moly-tras-la-publicacion-de-su-video-sexual","status":"publish","type":"post","link":"https:\/\/esreviral.com\/?p=24001","title":{"rendered":"Diveana asegur\u00f3 que perdon\u00f3 a Miguel Moly tras la publicaci\u00f3n de su video sexual"},"content":{"rendered":"\n<p><strong><em>CIS.-<\/em><\/strong> La merenguera venezolana, Diveana, concedi\u00f3 una entrevista recientemente a Viviana Gibelli, en la que asegur\u00f3 que <strong>hab\u00eda perdonado a Miguel Moly, luego de haberse hecho p\u00fablico el video sexual que ellos protagonizaron en los 90\u00b4s<\/strong><\/p>\n\n\n\n<p>Diveana, afirm\u00f3 que hab\u00eda sido Moly quien public\u00f3 el video, <strong>\u00abaunque \u00e9l diga que no\u00bb. Tambi\u00e9n confes\u00f3 que al momento, su exesposo se molest\u00f3 porque no quer\u00eda que la vieran as\u00ed. <\/strong><\/p>\n\n\n\n<p>\u00abYo estaba embarazada y mi hermana fue la que me coment\u00f3 que hab\u00eda un video en la calle (&#8230;) despu\u00e9s que mi hija ten\u00eda tres meses, nos separamos y no volvi\u00f3 m\u00e1s nunca. A mi hijo s\u00ed le afect\u00f3 un poco m\u00e1s pero ya han perdonado el abandono\u00bb. <\/p>\n\n\n\n<p>Y aunque muchos esperaban que se le consultara acerca de las declaraciones de Liz, en el mismo programa, donde afirm\u00f3 que cantar\u00eda junto a Diveana, no se toc\u00f3 ese tema. <\/p>\n\n\n\n<figure class=\"wp-block-embed is-type-video is-provider-youtube wp-block-embed-youtube wp-embed-aspect-16-9 wp-has-aspect-ratio\"><div class=\"wp-block-embed__wrapper\">\n    <div class=\"jeg_video_container jeg_video_content\"><iframe title=\"&quot;Yo no estaba preparada para el \u00e9xito&quot; |  Diveana | @VivianaGibelliTV\" width=\"500\" height=\"281\" src=\"https:\/\/www.youtube.com\/embed\/5yjPOm_Pn0Y?feature=oembed\" frameborder=\"0\" allow=\"accelerometer; autoplay; clipboard-write; encrypted-media; gyroscope; picture-in-picture; web-share\" referrerpolicy=\"strict-origin-when-cross-origin\" allowfullscreen><\/iframe><\/div>\n<\/div><\/figure>\n","protected":false},"excerpt":{"rendered":"<p>Y aunque muchos esperaban que se le consultara acerca de las declaraciones de Liz, en el mismo programa, donde afirm\u00f3 que cantar\u00eda junto a Diveana, no se toc\u00f3 ese tema<\/p>\n","protected":false},"author":2,"featured_media":24009,"comment_status":"open","ping_status":"open","sticky":false,"template":"","format":"standard","meta":{"jnews-multi-image_gallery":[],"jnews_single_post":[],"jnews_primary_category":[],"jnews_social_meta":[],"jnews_review":[],"enable_review":"","type":"","name":"","summary":"","brand":"","sku":"","good":[],"bad":[],"score_override":"","override_value":"","rating":[],"price":[],"jnews_override_counter":[],"jnews_post_split":[],"footnotes":""},"categories":[50],"tags":[3140,4449,45],"class_list":["post-24001","post","type-post","status-publish","format-standard","has-post-thumbnail","hentry","category-entretenimiento","tag-diveana","tag-merengue","tag-noticias"],"amp_enabled":true,"_links":{"self":[{"href":"https:\/\/esreviral.com\/index.php?rest_route=\/wp\/v2\/posts\/24001"}],"collection":[{"href":"https:\/\/esreviral.com\/index.php?rest_route=\/wp\/v2\/posts"}],"about":[{"href":"https:\/\/esreviral.com\/index.php?rest_route=\/wp\/v2\/types\/post"}],"author":[{"embeddable":true,"href":"https:\/\/esreviral.com\/index.php?rest_route=\/wp\/v2\/users\/2"}],"replies":[{"embeddable":true,"href":"https:\/\/esreviral.com\/index.php?rest_route=%2Fwp%2Fv2%2Fcomments&post=24001"}],"version-history":[{"count":0,"href":"https:\/\/esreviral.com\/index.php?rest_route=\/wp\/v2\/posts\/24001\/revisions"}],"wp:featuredmedia":[{"embeddable":true,"href":"https:\/\/esreviral.com\/index.php?rest_route=\/"}],"wp:attachment":[{"href":"https:\/\/esreviral.com\/index.php?rest_route=%2Fwp%2Fv2%2Fmedia&parent=24001"}],"wp:term":[{"taxonomy":"category","embeddable":true,"href":"https:\/\/esreviral.com\/index.php?rest_route=%2Fwp%2Fv2%2Fcategories&post=24001"},{"taxonomy":"post_tag","embeddable":true,"href":"https:\/\/esreviral.com\/index.php?rest_route=%2Fwp%2Fv2%2Ftags&post=24001"}],"curies":[{"name":"wp","href":"https:\/\/api.w.org\/{rel}","templated":true}]}}