{"id":23794,"date":"2022-09-16T09:06:08","date_gmt":"2022-09-16T12:06:08","guid":{"rendered":"https:\/\/esreviral.com\/?p=23794"},"modified":"2022-09-16T09:06:08","modified_gmt":"2022-09-16T12:06:08","slug":"gobierno-britanico-pide-a-los-ciudadanos-que-ya-no-se-unan-a-la-cola-para-ver-a-isabel-ii","status":"publish","type":"post","link":"https:\/\/esreviral.com\/?p=23794","title":{"rendered":"Gobierno brit\u00e1nico pide a los ciudadanos que ya no se unan a la cola para ver a Isabel II"},"content":{"rendered":"\n<p class=\"has-drop-cap\">El Gobierno brit\u00e1nico pidi\u00f3 este viernes a los ciudadanos que no se unan durante al menos seis horas a la cola para visitar la capilla ardiente de la reina Isabel II debido a que se ha alcanzado el m\u00e1ximo de capacidad.<\/p>\n\n\n\n<p>En un mensaje en\u00a0Twitter,\u00a0el Ministerio de Cultura se\u00f1al\u00f3 que la entrada a la cola \u00abha sido paralizada durante al menos seis horas\u00bb, por lo que inst\u00f3 a todo el mundo a no sumarse a las decenas de miles de personas que la forman ahora mismo.<\/p>\n\n\n\n<p>Se calcula que el tiempo de espera en estos momentos supera las 14 horas y la extensi\u00f3n de la fila se acerca a los ocho kil\u00f3metros.<\/p>\n\n\n\n<p>La cola que se inicia en Westminster Hall, el edificio m\u00e1s antiguo del complejo parlamentario en el coraz\u00f3n de Londres, alcanza en este momento el parque Southwark, en el barrio de Rotherhithe, en el sureste de la capital, tras extenderse a lo largo de la orilla sur del r\u00edo T\u00e1mesis.<\/p>\n\n\n\n<p>\u00abSouthwark Park ha alcanzado (el m\u00e1ximo de) su capacidad. La entrada se pausar\u00e1 durante al menos seis horas. Sentimos cualquier inconveniencia. Por favor, no intenten unirse a la cola hasta que reabra\u00bb, se\u00f1al\u00f3 el ministerio en un mensaje a las 09.50 hora local (08.50 GMT).<\/p>\n\n\n\n<p>Decenas de miles de personas han visitado desde la tarde del mi\u00e9rcoles la capilla ardiente de la difunta soberana, que permanecer\u00e1 abierta hasta la misma ma\u00f1ana del lunes, cuando se oficiar\u00e1 el funeral de Estado en la cercana abad\u00eda de Westminster.<\/p>\n\n\n\n<p>Carlos III y sus hermanos, Ana, Andr\u00e9s y Eduardo, celebrar\u00e1n este viernes en la capilla ardiente la \u00abvigilia de los pr\u00edncipes\u00bb, la tradici\u00f3n de velar el ata\u00fad, como lo hicieron el lunes en la catedral de St. Giles en Edimburgo.<\/p>\n\n\n\n<p class=\"has-text-align-right\"><strong><em>ElNacional.-<\/em><\/strong><\/p>\n","protected":false},"excerpt":{"rendered":"<p>En un mensaje en Twitter, el Ministerio de Cultura se\u00f1al\u00f3 que la entrada a la cola \u00abha sido paralizada durante al menos seis horas\u00bb, por lo que inst\u00f3 a todo el mundo a no sumarse a las decenas de miles de personas que la forman ahora mismo<\/p>\n","protected":false},"author":2,"featured_media":23795,"comment_status":"open","ping_status":"open","sticky":false,"template":"","format":"standard","meta":{"jnews-multi-image_gallery":[],"jnews_single_post":[],"jnews_primary_category":[],"jnews_social_meta":[],"jnews_review":[],"enable_review":"","type":"","name":"","summary":"","brand":"","sku":"","good":[],"bad":[],"score_override":"","override_value":"","rating":[],"price":[],"jnews_override_counter":[],"jnews_post_split":[],"footnotes":""},"categories":[88],"tags":[4185,4237,4319,2064,45,2722,4203],"class_list":["post-23794","post","type-post","status-publish","format-standard","has-post-thumbnail","hentry","category-internacionales","tag-fallece-la-reina-isabel-ii","tag-feretro-de-isabel-ii","tag-gobierno-britanico","tag-londres","tag-noticias","tag-realeza-britanica","tag-reina-isabel-ii-del-reino-unido"],"amp_enabled":true,"_links":{"self":[{"href":"https:\/\/esreviral.com\/index.php?rest_route=\/wp\/v2\/posts\/23794"}],"collection":[{"href":"https:\/\/esreviral.com\/index.php?rest_route=\/wp\/v2\/posts"}],"about":[{"href":"https:\/\/esreviral.com\/index.php?rest_route=\/wp\/v2\/types\/post"}],"author":[{"embeddable":true,"href":"https:\/\/esreviral.com\/index.php?rest_route=\/wp\/v2\/users\/2"}],"replies":[{"embeddable":true,"href":"https:\/\/esreviral.com\/index.php?rest_route=%2Fwp%2Fv2%2Fcomments&post=23794"}],"version-history":[{"count":0,"href":"https:\/\/esreviral.com\/index.php?rest_route=\/wp\/v2\/posts\/23794\/revisions"}],"wp:featuredmedia":[{"embeddable":true,"href":"https:\/\/esreviral.com\/index.php?rest_route=\/"}],"wp:attachment":[{"href":"https:\/\/esreviral.com\/index.php?rest_route=%2Fwp%2Fv2%2Fmedia&parent=23794"}],"wp:term":[{"taxonomy":"category","embeddable":true,"href":"https:\/\/esreviral.com\/index.php?rest_route=%2Fwp%2Fv2%2Fcategories&post=23794"},{"taxonomy":"post_tag","embeddable":true,"href":"https:\/\/esreviral.com\/index.php?rest_route=%2Fwp%2Fv2%2Ftags&post=23794"}],"curies":[{"name":"wp","href":"https:\/\/api.w.org\/{rel}","templated":true}]}}