{"id":23697,"date":"2022-09-12T18:04:32","date_gmt":"2022-09-12T21:04:32","guid":{"rendered":"https:\/\/esreviral.com\/?p=23697"},"modified":"2022-09-12T18:04:32","modified_gmt":"2022-09-12T21:04:32","slug":"la-aerolinea-wingo-reanudara-vuelos-entre-colombia-y-venezuela-en-octubre","status":"publish","type":"post","link":"https:\/\/esreviral.com\/?p=23697","title":{"rendered":"La aerol\u00ednea Wingo reanudar\u00e1 vuelos entre Colombia y Venezuela en octubre"},"content":{"rendered":"\n<p class=\"has-drop-cap\">La aerol\u00ednea Wingo anunci\u00f3 este lunes la reanudaci\u00f3n en octubre pr\u00f3ximo de los vuelos de Colombia a Venezuela. Todo luego de que los mandatarios de los dos pa\u00edses dijeron la semana pasada que el 26 de septiembre se reabrir\u00e1 la frontera com\u00fan, lo que incluye las conexiones a\u00e9reas.<\/p>\n\n\n\n<p>\u00abLa venta de boletos para esta ruta se iniciar\u00e1 en los pr\u00f3ximos d\u00edas, una vez las autoridades aeron\u00e1uticas aprueben los itinerarios que ya fueron registrados\u00bb, agreg\u00f3 Wingo en un comunicado.<\/p>\n\n\n\n<p><strong><span style=\"background-color:#a30003\" class=\"td_text_highlight_marker\">Rutas de Wingo<\/span><\/strong><\/p>\n\n\n\n<p>Adem\u00e1s del restablecimiento de la ruta entre Bogot\u00e1 y Caracas, Wingo ofrecer\u00e1 dos rutas adicionales entre Colombia y Venezuela.<\/p>\n\n\n\n<p>\u00abSe trata de los vuelos entre Medell\u00edn y Caracas, a partir del 18 de octubre pr\u00f3ximo y entre Bogot\u00e1 y Valencia. Todo una vez \u00e9sta sea aprobada por la autoridad venezolana, la cual se espera inaugurar el pr\u00f3ximo 3 de noviembre\u00bb, agreg\u00f3 la informaci\u00f3n.<\/p>\n\n\n\n<p>Antes de la pandemia Wingo era la \u00fanica aerol\u00ednea colombiana que ten\u00eda conexi\u00f3n a\u00e9rea regular entre ambos pa\u00edses con cuatro vuelos por semana entre el aeropuerto El Dorado de Bogot\u00e1 y el de Maiquet\u00eda, en Caracas.<\/p>\n\n\n\n<p>\u00abCelebramos la reapertura de cielos entre Colombia y Venezuela y nos comprometemos con ser un operador a\u00e9reo relevante en dicho mercado. Vamos a iniciar la operaci\u00f3n entre Bogot\u00e1 y Caracas con la misma capacidad que ten\u00edamos previo a la pandemia\u00bb. As\u00ed lo se\u00f1al\u00f3 en el comunicado el presidente ejecutivo Wingo, Eduardo Lombana.<\/p>\n\n\n\n<p>El presidente de Colombia, Gustavo Petro, y Nicol\u00e1s Maduro anunciaron el viernes la fecha de reapertura de la frontera. Esta se mantiene cerrada al tr\u00e1fico de veh\u00edculos desde agosto de 2015.<\/p>\n\n\n\n<p>Los dos pa\u00edses tampoco ten\u00edan relaciones diplom\u00e1ticas desde febrero de 2019. Pero las reanudaron a finales de agosto luego de que Petro designara como embajador en Caracas al exsenador Armando Benedetti. A la par, Maduro nombr\u00f3 al excanciller F\u00e9lix Plasencia como el jefe de la misi\u00f3n venezolana en Bogot\u00e1.<\/p>\n\n\n\n<p class=\"has-text-align-right\"><em><strong>ElNacional.-<\/strong><\/em><\/p>\n","protected":false},"excerpt":{"rendered":"<p>El 4 de octubre se reinaugurar\u00e1 la ruta Bogot\u00e1- Caracas y se espera reabrir otras rutas posteriormente<\/p>\n","protected":false},"author":2,"featured_media":23698,"comment_status":"open","ping_status":"open","sticky":false,"template":"","format":"standard","meta":{"jnews-multi-image_gallery":[],"jnews_single_post":[],"jnews_primary_category":[],"jnews_social_meta":[],"jnews_review":[],"enable_review":"","type":"","name":"","summary":"","brand":"","sku":"","good":[],"bad":[],"score_override":"","override_value":"","rating":[],"price":[],"jnews_override_counter":[],"jnews_post_split":[],"footnotes":""},"categories":[66],"tags":[4260,283,4261,45,56,46,4262],"class_list":["post-23697","post","type-post","status-publish","format-standard","has-post-thumbnail","hentry","category-venezuela","tag-aerolinea-wingo","tag-colombia","tag-conexiones-aereas","tag-noticias","tag-venezuela","tag-vuelos","tag-wingo"],"amp_enabled":true,"_links":{"self":[{"href":"https:\/\/esreviral.com\/index.php?rest_route=\/wp\/v2\/posts\/23697"}],"collection":[{"href":"https:\/\/esreviral.com\/index.php?rest_route=\/wp\/v2\/posts"}],"about":[{"href":"https:\/\/esreviral.com\/index.php?rest_route=\/wp\/v2\/types\/post"}],"author":[{"embeddable":true,"href":"https:\/\/esreviral.com\/index.php?rest_route=\/wp\/v2\/users\/2"}],"replies":[{"embeddable":true,"href":"https:\/\/esreviral.com\/index.php?rest_route=%2Fwp%2Fv2%2Fcomments&post=23697"}],"version-history":[{"count":0,"href":"https:\/\/esreviral.com\/index.php?rest_route=\/wp\/v2\/posts\/23697\/revisions"}],"wp:featuredmedia":[{"embeddable":true,"href":"https:\/\/esreviral.com\/index.php?rest_route=\/"}],"wp:attachment":[{"href":"https:\/\/esreviral.com\/index.php?rest_route=%2Fwp%2Fv2%2Fmedia&parent=23697"}],"wp:term":[{"taxonomy":"category","embeddable":true,"href":"https:\/\/esreviral.com\/index.php?rest_route=%2Fwp%2Fv2%2Fcategories&post=23697"},{"taxonomy":"post_tag","embeddable":true,"href":"https:\/\/esreviral.com\/index.php?rest_route=%2Fwp%2Fv2%2Ftags&post=23697"}],"curies":[{"name":"wp","href":"https:\/\/api.w.org\/{rel}","templated":true}]}}