{"id":23627,"date":"2022-09-09T15:35:55","date_gmt":"2022-09-09T18:35:55","guid":{"rendered":"https:\/\/esreviral.com\/?p=23627"},"modified":"2022-09-09T15:35:55","modified_gmt":"2022-09-09T18:35:55","slug":"las-primeras-fotografias-de-la-reunion-entre-carlos-iii-y-la-primera-ministra-liz-truss","status":"publish","type":"post","link":"https:\/\/esreviral.com\/?p=23627","title":{"rendered":"Las primeras fotograf\u00edas de la reuni\u00f3n entre Carlos III y la primera ministra Liz Truss"},"content":{"rendered":"\n<p class=\"has-drop-cap\">El rey Carlos III recibi\u00f3 este viernes en el Palacio de Buckingham a la primera ministra de Reino Unido, Liz Truss, en el primer encuentro entre ambos desde que el jueves falleci\u00f3 Isabel II y su primog\u00e9nito asumi\u00f3 la corona.<\/p>\n\n\n\n<p>Truss, que recibi\u00f3 el martes de manos de la difunta reina el encargo de formar Gobierno,&nbsp;<strong>se ha visto durante una media hora con el sucesor<\/strong>, seg\u00fan inform\u00f3 la&nbsp;<em>BBC.<\/em><\/p>\n\n\n\n<p>El encuentro se produjo tras el regreso de Carlos III a Londres desde Escocia, donde su madre, la reina, falleci\u00f3.<\/p>\n\n\n\n<figure class=\"wp-block-image size-large\"><img decoding=\"async\" src=\"https:\/\/www.clarin.com\/img\/2022\/09\/09\/WYU05RQsK_720x0__1.jpg\" alt=\"\"\/><\/figure>\n\n\n\n<figure class=\"wp-block-image size-large\"><img decoding=\"async\" src=\"https:\/\/www.clarin.com\/img\/2022\/09\/09\/Hl4Hfiw1j_720x0__1.jpg\" alt=\"\"\/><\/figure>\n\n\n\n<figure class=\"wp-block-image size-large\"><img decoding=\"async\" src=\"https:\/\/www.clarin.com\/img\/2022\/09\/09\/GjYgKzhiy_720x0__1.jpg\" alt=\"\"\/><\/figure>\n\n\n\n<p class=\"has-text-align-right\"><em><strong>Con informaci\u00f3n de<\/strong><\/em> <strong><em>Clarin y semana.com.-<\/em><\/strong><\/p>\n","protected":false},"excerpt":{"rendered":"<p>El rey Carlos III recibi\u00f3 este viernes en el Palacio de Buckingham a la primera ministra de Reino Unido, Liz Truss, en el primer encuentro entre ambos desde que el jueves falleci\u00f3 Isabel II y su primog\u00e9nito asumi\u00f3 la corona. Truss, que recibi\u00f3 el martes de manos de la difunta reina el encargo de formar [&hellip;]<\/p>\n","protected":false},"author":2,"featured_media":23629,"comment_status":"open","ping_status":"open","sticky":false,"template":"","format":"standard","meta":{"jnews-multi-image_gallery":[],"jnews_single_post":[],"jnews_primary_category":[],"jnews_social_meta":[],"jnews_review":[],"enable_review":"","type":"","name":"","summary":"","brand":"","sku":"","good":[],"bad":[],"score_override":"","override_value":"","rating":[],"price":[],"jnews_override_counter":[],"jnews_post_split":[],"footnotes":""},"categories":[88],"tags":[4195,4185,4119,2722,2066,2844,4220,4214],"class_list":["post-23627","post","type-post","status-publish","format-standard","has-post-thumbnail","hentry","category-internacionales","tag-carlos-iii","tag-fallece-la-reina-isabel-ii","tag-liz-truss","tag-realeza-britanica","tag-reina-isabel-ii","tag-reino-unido","tag-reunion","tag-rey-carlos-iii"],"_links":{"self":[{"href":"https:\/\/esreviral.com\/index.php?rest_route=\/wp\/v2\/posts\/23627","targetHints":{"allow":["GET"]}}],"collection":[{"href":"https:\/\/esreviral.com\/index.php?rest_route=\/wp\/v2\/posts"}],"about":[{"href":"https:\/\/esreviral.com\/index.php?rest_route=\/wp\/v2\/types\/post"}],"author":[{"embeddable":true,"href":"https:\/\/esreviral.com\/index.php?rest_route=\/wp\/v2\/users\/2"}],"replies":[{"embeddable":true,"href":"https:\/\/esreviral.com\/index.php?rest_route=%2Fwp%2Fv2%2Fcomments&post=23627"}],"version-history":[{"count":0,"href":"https:\/\/esreviral.com\/index.php?rest_route=\/wp\/v2\/posts\/23627\/revisions"}],"wp:featuredmedia":[{"embeddable":true,"href":"https:\/\/esreviral.com\/index.php?rest_route=\/"}],"wp:attachment":[{"href":"https:\/\/esreviral.com\/index.php?rest_route=%2Fwp%2Fv2%2Fmedia&parent=23627"}],"wp:term":[{"taxonomy":"category","embeddable":true,"href":"https:\/\/esreviral.com\/index.php?rest_route=%2Fwp%2Fv2%2Fcategories&post=23627"},{"taxonomy":"post_tag","embeddable":true,"href":"https:\/\/esreviral.com\/index.php?rest_route=%2Fwp%2Fv2%2Ftags&post=23627"}],"curies":[{"name":"wp","href":"https:\/\/api.w.org\/{rel}","templated":true}]}}