{"id":23566,"date":"2022-09-08T19:14:22","date_gmt":"2022-09-08T22:14:22","guid":{"rendered":"https:\/\/esreviral.com\/?p=23566"},"modified":"2022-09-08T19:14:22","modified_gmt":"2022-09-08T22:14:22","slug":"la-torre-eiffel-apagara-sus-luces-como-tributo-a-la-reina-isabel-ll","status":"publish","type":"post","link":"https:\/\/esreviral.com\/?p=23566","title":{"rendered":"La Torre Eiffel apagar\u00e1 sus luces como tributo a la reina Isabel ll"},"content":{"rendered":"\n<p class=\"has-drop-cap\">La\u00a0<strong>Torre Eiffel<\/strong>, uno de los monumentos m\u00e1s visitados del mundo, apagar\u00e1 sus luces esta noche en homenaje a la<strong>\u00a0reina Isabel II<\/strong>, fallecida este jueves a los 96 a\u00f1os, inform\u00f3 en un tuit la alcaldesa de Par\u00eds, la socialista Anne Hidalgo.<\/p>\n\n\n\n<p>En los \u00faltimos a\u00f1os, la Torre Eiffel ha prescindido de su iluminaci\u00f3n habitual en se\u00f1al de luto en ocasiones contadas, como en atentados o muerte de personalidades.<\/p>\n\n\n\n<figure class=\"wp-block-embed is-type-rich is-provider-twitter wp-block-embed-twitter\"><div class=\"wp-block-embed__wrapper\">\n<blockquote class=\"twitter-tweet\" data-width=\"500\" data-dnt=\"true\"><p lang=\"fr\" dir=\"ltr\">Je viens d&#39;assurer \u00e0 l&#39;ambassadrice <a href=\"https:\/\/twitter.com\/MennaRawlings?ref_src=twsrc%5Etfw\">@MennaRawlings<\/a> la profonde sympathie et le soutien de Paris au peuple du Royaume-Uni.<br><br>Ce soir, la Tour Eiffel sera \u00e9teinte en hommage \u00e0 Sa Majest\u00e9 la Reine \u00c9lizabeth II.<a href=\"https:\/\/twitter.com\/hashtag\/QueenElizabeth?src=hash&amp;ref_src=twsrc%5Etfw\">#QueenElizabeth<\/a> \ud83c\uddec\ud83c\udde7<\/p>&mdash; Anne Hidalgo (@Anne_Hidalgo) <a href=\"https:\/\/twitter.com\/Anne_Hidalgo\/status\/1567942072384258048?ref_src=twsrc%5Etfw\">September 8, 2022<\/a><\/blockquote><script async src=\"https:\/\/platform.twitter.com\/widgets.js\" charset=\"utf-8\"><\/script>\n<\/div><\/figure>\n\n\n\n<p>En los \u00faltimos a\u00f1os, la<strong>\u00a0Torre Eiffel\u00a0<\/strong>ha prescindido de su iluminaci\u00f3n habitual en se\u00f1al de luto en ocasiones contadas, como en atentados o muerte de personalidades.<\/p>\n\n\n\n<p class=\"has-text-align-right\"><em><strong>expreso.ec.-<\/strong><\/em><\/p>\n","protected":false},"excerpt":{"rendered":"<p>As\u00ed lo dio a conocer la alcaldesa de Par\u00eds, Anne Hidalgo, por medio de su cuenta de Twitter.<\/p>\n","protected":false},"author":2,"featured_media":23567,"comment_status":"open","ping_status":"open","sticky":false,"template":"","format":"standard","meta":{"jnews-multi-image_gallery":[],"jnews_single_post":[],"jnews_primary_category":[],"jnews_social_meta":[],"jnews_review":[],"enable_review":"","type":"","name":"","summary":"","brand":"","sku":"","good":[],"bad":[],"score_override":"","override_value":"","rating":[],"price":[],"jnews_override_counter":[],"jnews_post_split":[],"footnotes":""},"categories":[88],"tags":[4185,45,624,2722,2066,4201,2287,4202],"class_list":["post-23566","post","type-post","status-publish","format-standard","has-post-thumbnail","hentry","category-internacionales","tag-fallece-la-reina-isabel-ii","tag-noticias","tag-realeza","tag-realeza-britanica","tag-reina-isabel-ii","tag-reina-isabel-ll","tag-reinado-de-isabel-ii","tag-torre-eiffel"],"amp_enabled":true,"_links":{"self":[{"href":"https:\/\/esreviral.com\/index.php?rest_route=\/wp\/v2\/posts\/23566"}],"collection":[{"href":"https:\/\/esreviral.com\/index.php?rest_route=\/wp\/v2\/posts"}],"about":[{"href":"https:\/\/esreviral.com\/index.php?rest_route=\/wp\/v2\/types\/post"}],"author":[{"embeddable":true,"href":"https:\/\/esreviral.com\/index.php?rest_route=\/wp\/v2\/users\/2"}],"replies":[{"embeddable":true,"href":"https:\/\/esreviral.com\/index.php?rest_route=%2Fwp%2Fv2%2Fcomments&post=23566"}],"version-history":[{"count":0,"href":"https:\/\/esreviral.com\/index.php?rest_route=\/wp\/v2\/posts\/23566\/revisions"}],"wp:featuredmedia":[{"embeddable":true,"href":"https:\/\/esreviral.com\/index.php?rest_route=\/"}],"wp:attachment":[{"href":"https:\/\/esreviral.com\/index.php?rest_route=%2Fwp%2Fv2%2Fmedia&parent=23566"}],"wp:term":[{"taxonomy":"category","embeddable":true,"href":"https:\/\/esreviral.com\/index.php?rest_route=%2Fwp%2Fv2%2Fcategories&post=23566"},{"taxonomy":"post_tag","embeddable":true,"href":"https:\/\/esreviral.com\/index.php?rest_route=%2Fwp%2Fv2%2Ftags&post=23566"}],"curies":[{"name":"wp","href":"https:\/\/api.w.org\/{rel}","templated":true}]}}