{"id":23542,"date":"2022-09-08T15:59:53","date_gmt":"2022-09-08T18:59:53","guid":{"rendered":"https:\/\/esreviral.com\/?p=23542"},"modified":"2022-09-08T15:59:53","modified_gmt":"2022-09-08T18:59:53","slug":"carlos-iii-sera-el-nombre-del-nuevo-rey-de-inglaterra","status":"publish","type":"post","link":"https:\/\/esreviral.com\/?p=23542","title":{"rendered":"Carlos III ser\u00e1 el nombre del nuevo rey de Inglaterra"},"content":{"rendered":"\n<p class=\"has-drop-cap\">El nuevo jefe de Estado del Reino Unido llevar\u00e1 el nombre de Carlos III, seg\u00fan&nbsp;ha anunciado&nbsp;este jueves la primera ministra brit\u00e1nica, Liz Truss. \u00abHoy la Corona pasa, como lo ha hecho durante m\u00e1s de mil a\u00f1os, a nuestro nuevo monarca, nuestro nuevo jefe de Estado,<strong>&nbsp;Su Majestad el rey Carlos III\u00bb,<\/strong>&nbsp;ha dicho&nbsp;la primera ministra en una declaraci\u00f3n al pa\u00eds ante la residencia oficial de Downing Street.<\/p>\n\n\n\n<p>En Reino Unido los monarcas pueden elegir su nombre real llegado el momento y no tiene por qu\u00e9 ser el primero. Se barajaba la posibilidad de que el pr\u00edncipe de Gales, heredero al trono,&nbsp;bautizado como Carlos Felipe Arturo Jorge, pudiera haber escogido el nombre de Jorge VII, aunque finalmente el nuevo rey de Inglaterra ser\u00e1 Carlos III.<\/p>\n\n\n\n<p>De este modo, sigue los pasos de&nbsp;su madre, la fallecida Isabel II que decidi\u00f3 no cambiarlo. Por su parte, su padre y abuelo del pr\u00edncipe de Gales escogi\u00f3 llamarse Jorge VI, aunque su primer nombre era&nbsp;Alberto. Al igual que \u00e9l, el rey&nbsp;Eduardo VII y la reina Victoria tampoco usaron sus primeros nombres.<\/p>\n\n\n\n<p><strong><span style=\"background-color:#a30003\" class=\"td_text_highlight_marker\">El pr\u00edncipe Carlos ser\u00e1 proclamado rey\u00a0en el Palacio de Saint James<\/span><\/strong><\/p>\n\n\n\n<p>Tras la muerte de la monarca arranca el protocolo &#8216;Operation London Bridge&#8217;&nbsp;(Operaci\u00f3n Puente de Londres), que&nbsp;recoge los pasos a seguir en las horas y d\u00edas posteriores al fallecimiento de la monarca m\u00e1s longeva de la historia del pa\u00eds.<\/p>\n\n\n\n<p>Concretamente, el protocolo detalla la manera exacta en la que Gran Breta\u00f1a debe actuar ante la muerte de su jefa de Estado en los 10 d\u00edas posteriores a su activaci\u00f3n.<\/p>\n\n\n\n<p>El d\u00eda del fallecimiento se denomina en los documentos &#8216;D\u00eda D&#8217; y las jornadas siguientes &#8216;D+1&#8217;, &#8216;D+2&#8217;, y as\u00ed sucesivamente.\u00a0En el &#8216;d\u00eda D+1&#8217; se<strong>\u00a0proclamar\u00e1 al rey Carlos de Gales\u00a0<\/strong>como nuevo soberano en el Palacio de Saint James, donde tendr\u00e1 lugar a las 10 de la ma\u00f1ana una reuni\u00f3n del Consejo de Adhesi\u00f3n, del que forman parte las figuras m\u00e1s relevantes del gobierno.\u00a0<\/p>\n\n\n\n<p><strong><span style=\"background-color:#a30003\" class=\"td_text_highlight_marker\">Lea Tambi\u00e9n:<\/span><em><\/em><\/strong><\/p>\n\n\n\n<p class=\"has-text-align-right\"><strong><em>rtve.es.-<\/em><\/strong><\/p>\n","protected":false},"excerpt":{"rendered":"<p>La muerte de la reina Isabel II este jueves convierte a su primog\u00e9nito, Carlos, en el nuevo rey de Inglaterra a sus 73 a\u00f1os.<\/p>\n","protected":false},"author":2,"featured_media":23545,"comment_status":"open","ping_status":"open","sticky":false,"template":"","format":"standard","meta":{"jnews-multi-image_gallery":[],"jnews_single_post":[],"jnews_primary_category":[],"jnews_social_meta":[],"jnews_review":[],"enable_review":"","type":"","name":"","summary":"","brand":"","sku":"","good":[],"bad":[],"score_override":"","override_value":"","rating":[],"price":[],"jnews_override_counter":[],"jnews_post_split":[],"footnotes":""},"categories":[88],"tags":[4195,4185,471,2286,4196,45,624,2722,2844],"class_list":["post-23542","post","type-post","status-publish","format-standard","has-post-thumbnail","hentry","category-internacionales","tag-carlos-iii","tag-fallece-la-reina-isabel-ii","tag-inglaterra","tag-isabel-ii","tag-monarquias","tag-noticias","tag-realeza","tag-realeza-britanica","tag-reino-unido"],"_links":{"self":[{"href":"https:\/\/esreviral.com\/index.php?rest_route=\/wp\/v2\/posts\/23542","targetHints":{"allow":["GET"]}}],"collection":[{"href":"https:\/\/esreviral.com\/index.php?rest_route=\/wp\/v2\/posts"}],"about":[{"href":"https:\/\/esreviral.com\/index.php?rest_route=\/wp\/v2\/types\/post"}],"author":[{"embeddable":true,"href":"https:\/\/esreviral.com\/index.php?rest_route=\/wp\/v2\/users\/2"}],"replies":[{"embeddable":true,"href":"https:\/\/esreviral.com\/index.php?rest_route=%2Fwp%2Fv2%2Fcomments&post=23542"}],"version-history":[{"count":0,"href":"https:\/\/esreviral.com\/index.php?rest_route=\/wp\/v2\/posts\/23542\/revisions"}],"wp:featuredmedia":[{"embeddable":true,"href":"https:\/\/esreviral.com\/index.php?rest_route=\/"}],"wp:attachment":[{"href":"https:\/\/esreviral.com\/index.php?rest_route=%2Fwp%2Fv2%2Fmedia&parent=23542"}],"wp:term":[{"taxonomy":"category","embeddable":true,"href":"https:\/\/esreviral.com\/index.php?rest_route=%2Fwp%2Fv2%2Fcategories&post=23542"},{"taxonomy":"post_tag","embeddable":true,"href":"https:\/\/esreviral.com\/index.php?rest_route=%2Fwp%2Fv2%2Ftags&post=23542"}],"curies":[{"name":"wp","href":"https:\/\/api.w.org\/{rel}","templated":true}]}}