{"id":2321,"date":"2020-12-04T13:49:32","date_gmt":"2020-12-04T13:49:32","guid":{"rendered":"http:\/\/esreviral.com\/?p=2321"},"modified":"2020-12-04T13:49:32","modified_gmt":"2020-12-04T13:49:32","slug":"iris-varela-amenaza-a-los-venezolanos-el-que-no-vote-que-lo-boten","status":"publish","type":"post","link":"https:\/\/esreviral.com\/?p=2321","title":{"rendered":"Iris Varela amenaza a los venezolanos: \u00abEl que no vote que lo boten\u00bb"},"content":{"rendered":"\n<p><strong><em>CIS.-<\/em><\/strong> Una nueva amenaza por parte de los miembros del r\u00e9gimen de Maduro se suma, en esta oportunidad fue la exministra de Servicios Penitenciarios, Mar\u00eda Iris Varela, quien ahora es candidata a la Asamblea Nacional en el fraude electoral del domingo. <\/p>\n\n\n\n<p>Esta amenaza se suma a la que hizo el lunes\u00a0Diosdado Cabello, quien en un mitin dijo: \u201c<a href=\"http:\/\/esreviral.com\/2020\/11\/30\/el-que-no-vota-no-come-diosdado-cabello-amenaza-a-los-venezolanos-video\/\" target=\"_blank\" rel=\"noreferrer noopener\"><strong>El que no vota, no come. Para el que no vote, no hay comida. El que no vote, no come, se le aplica una cuarentena ah\u00ed sin comer<\/strong><\/a>\u201d. Estos actos de intimidaci\u00f3n y coacci\u00f3n evidencian una vez m\u00e1s que lo que ocurrir\u00e1 este 6D no son unas elecciones libres, justas ni democr\u00e1ticas, sino un nuevo fraude de la dictadura de\u00a0Nicol\u00e1s Maduro.<\/p>\n\n\n\n<p>\u201c<strong>Este es un mensaje para todos los funcionarios, directores del Servicio Penitenciario<\/strong>\u201d, comienza el audio que hizo llegar\u00a0<strong>Varela\u00a0<\/strong>a sus ex subordinados. \u201cTenemos una elecci\u00f3n muy importante el pr\u00f3ximo domingo. Yo le voy a decir a toda la gente que trabaja en el ministerio penitenciario, \u00a1el que no vote, que lo boten! Porque no tiene sentido que nosotros arriesguemos lo que nos estamos jugando el pr\u00f3ximo domingo. Yo s\u00e9 que mis camaradas todos son cumplidores. Garanticen su voto. Lleg\u00f3 el momento de defender la patria\u201d, agreg\u00f3 la dirigente del r\u00e9gimen.<\/p>\n\n\n\n<p class=\"has-text-align-right\"><strong><em>Con informaci\u00f3n de Infobae.- <\/em><\/strong><\/p>\n","protected":false},"excerpt":{"rendered":"<p>Esta se suma a la amenaza de Cabello quien dijo que el que no vote, no come<\/p>\n","protected":false},"author":2,"featured_media":2322,"comment_status":"open","ping_status":"open","sticky":false,"template":"","format":"standard","meta":{"jnews-multi-image_gallery":[],"jnews_single_post":[],"jnews_primary_category":[],"jnews_social_meta":[],"jnews_review":[],"enable_review":"","type":"","name":"","summary":"","brand":"","sku":"","good":[],"bad":[],"score_override":"","override_value":"","rating":[],"price":[],"jnews_override_counter":[],"jnews_post_split":[],"footnotes":""},"categories":[59],"tags":[110,395,397,45,56],"class_list":["post-2321","post","type-post","status-publish","format-standard","has-post-thumbnail","hentry","category-politica","tag-elecciones","tag-fraude","tag-iris-varela","tag-noticias","tag-venezuela"],"amp_enabled":true,"_links":{"self":[{"href":"https:\/\/esreviral.com\/index.php?rest_route=\/wp\/v2\/posts\/2321"}],"collection":[{"href":"https:\/\/esreviral.com\/index.php?rest_route=\/wp\/v2\/posts"}],"about":[{"href":"https:\/\/esreviral.com\/index.php?rest_route=\/wp\/v2\/types\/post"}],"author":[{"embeddable":true,"href":"https:\/\/esreviral.com\/index.php?rest_route=\/wp\/v2\/users\/2"}],"replies":[{"embeddable":true,"href":"https:\/\/esreviral.com\/index.php?rest_route=%2Fwp%2Fv2%2Fcomments&post=2321"}],"version-history":[{"count":0,"href":"https:\/\/esreviral.com\/index.php?rest_route=\/wp\/v2\/posts\/2321\/revisions"}],"wp:featuredmedia":[{"embeddable":true,"href":"https:\/\/esreviral.com\/index.php?rest_route=\/"}],"wp:attachment":[{"href":"https:\/\/esreviral.com\/index.php?rest_route=%2Fwp%2Fv2%2Fmedia&parent=2321"}],"wp:term":[{"taxonomy":"category","embeddable":true,"href":"https:\/\/esreviral.com\/index.php?rest_route=%2Fwp%2Fv2%2Fcategories&post=2321"},{"taxonomy":"post_tag","embeddable":true,"href":"https:\/\/esreviral.com\/index.php?rest_route=%2Fwp%2Fv2%2Ftags&post=2321"}],"curies":[{"name":"wp","href":"https:\/\/api.w.org\/{rel}","templated":true}]}}