{"id":2318,"date":"2020-12-04T13:38:53","date_gmt":"2020-12-04T13:38:53","guid":{"rendered":"http:\/\/esreviral.com\/?p=2318"},"modified":"2020-12-04T13:38:53","modified_gmt":"2020-12-04T13:38:53","slug":"estudio-revela-que-argentina-que-casi-la-mitad-de-la-poblacion-es-pobre","status":"publish","type":"post","link":"https:\/\/esreviral.com\/?p=2318","title":{"rendered":"Estudio revela que en Argentina casi la mitad de la poblaci\u00f3n es pobre"},"content":{"rendered":"\n<p class=\"has-drop-cap\">El 34,9% de los hogares y el 44,2% de las personas se encuentran por debajo de la l\u00ednea de la pobreza al cierre del tercer trimestre del a\u00f1o, por encima del 32,1% y 40,8% registrado en igual per\u00edodo de 2019, en un contexto en el que result\u00f3 determinante la pandemia de coronavirus y en la que los n\u00fameros hubiesen sido mayores si el Estado no implementaba medidas de ayudas para enfrentar la situaci\u00f3n, seg\u00fan un informe del Observatorio Social de la Universidad Cat\u00f3lica Argentina (UCA).<\/p>\n\n\n\n<p><strong>\u00abBajo el escenario de crisis Covid-19, las capacidades monetarias de los hogares experimentaron un deterioro abrupto y pronunciado, con efecto regresivos sobre la pobreza y la indigencia\u00bb,<\/strong>&nbsp;se\u00f1al\u00f3 el informe de la UCA.<\/p>\n\n\n\n<p>\u00abEl nuevo escenario paraliz\u00f3 a\u00fan m\u00e1s la inversi\u00f3n, los consumos y la demanda de empleo en la econom\u00eda formal, a la vez que fren\u00f3 toda expectativa de reactivaci\u00f3n, afectando especialmente a la peque\u00f1a y mediana empresa, profundizando la relaci\u00f3n entre informalidad econ\u00f3mica, pobreza y exclusi\u00f3n social\u00bb, agreg\u00f3 la casa de Altos Estudios.<\/p>\n\n\n\n<p>Seg\u00fan los datos de la Encuesta de la Deuda Social Argentina (EDSA), e<strong>ntre julio y octubre 34,9% de los hogares y 44,2% de las personas se encontraban bajo la l\u00ednea de la pobreza, y 7,3% de los hogares y 10,1% de las personas eran indigentes, los porcentajes m\u00e1s altos de la d\u00e9cada.<\/strong><\/p>\n\n\n\n<p>Al respecto, el director del Observatorio Social de la UCA, Agust\u00edn Salvia, dijo que \u00ab<strong>sin la AUH, el IFE, la Tarjeta Alimentar y el resto de los subsidios, la indigencia hubiera sido el doble y la pobreza hubiese trepado al 53%<\/strong>\u00ab.<\/p>\n\n\n\n<blockquote class=\"wp-block-quote td_quote_box td_box_center is-layout-flow wp-block-quote-is-layout-flow\"><p>Remarc\u00f3 que estos guarismos son \u00abparte de un proceso que lleva diez a\u00f1os de estancamiento, con tres a\u00f1os de ca\u00edda\u00bb, entre 2018 y 2020.<\/p><\/blockquote>\n\n\n\n<p><strong>\u00abEs necesario un crecimiento econ\u00f3mico y un pacto econ\u00f3mico-social para crear empleo porque sino no hay posibilidad de salir de la pobreza\u00bb<\/strong>, complet\u00f3 Salvia.<\/p>\n\n\n\n<p><strong>Entre 2019 y 2020, 10,3% y 13,7% de las personas cayeron en situaci\u00f3n de indigencia y pobreza,<\/strong> respectivamente; y, las ayudas sociales brindaron \u00abun piso m\u00ednimo de ingresos\u00bb pero fueron \u00abinsuficientes\u00bb y \u00abno llegaron a todos los que sufrieron p\u00e9rdidas de ingresos\u00bb, alert\u00f3 el informe.<\/p>\n\n\n\n<p>Seg\u00fan la UCA, en los dos \u00faltimos a\u00f1os se registr\u00f3 un deterioro tanto en relaci\u00f3n a la carencia monetaria como a las privaciones no monetarias, con un incremento de la pobreza por ingresos como de los niveles de pobreza \u00abmultidimensional\u00bb: de 37,5% a 41% de la poblaci\u00f3n.<\/p>\n\n\n\n<p class=\"has-text-align-right\"><strong><em>Telam.-<\/em><\/strong><\/p>\n","protected":false},"excerpt":{"rendered":"<p>M\u00e1s del 44 % de la poblaci\u00f3n est\u00e1 en pobreza y la cifra m\u00e1s alta de la \u00faltima d\u00e9cada<\/p>\n","protected":false},"author":2,"featured_media":2319,"comment_status":"open","ping_status":"open","sticky":false,"template":"","format":"standard","meta":{"jnews-multi-image_gallery":[],"jnews_single_post":[],"jnews_primary_category":[],"jnews_social_meta":[],"jnews_review":[],"enable_review":"","type":"","name":"","summary":"","brand":"","sku":"","good":[],"bad":[],"score_override":"","override_value":"","rating":[],"price":[],"jnews_override_counter":[],"jnews_post_split":[],"footnotes":""},"categories":[58,61],"tags":[44,62,396],"class_list":["post-2318","post","type-post","status-publish","format-standard","has-post-thumbnail","hentry","category-argentina","category-economia","tag-argentina","tag-economia","tag-pobreza"],"amp_enabled":true,"_links":{"self":[{"href":"https:\/\/esreviral.com\/index.php?rest_route=\/wp\/v2\/posts\/2318"}],"collection":[{"href":"https:\/\/esreviral.com\/index.php?rest_route=\/wp\/v2\/posts"}],"about":[{"href":"https:\/\/esreviral.com\/index.php?rest_route=\/wp\/v2\/types\/post"}],"author":[{"embeddable":true,"href":"https:\/\/esreviral.com\/index.php?rest_route=\/wp\/v2\/users\/2"}],"replies":[{"embeddable":true,"href":"https:\/\/esreviral.com\/index.php?rest_route=%2Fwp%2Fv2%2Fcomments&post=2318"}],"version-history":[{"count":0,"href":"https:\/\/esreviral.com\/index.php?rest_route=\/wp\/v2\/posts\/2318\/revisions"}],"wp:featuredmedia":[{"embeddable":true,"href":"https:\/\/esreviral.com\/index.php?rest_route=\/"}],"wp:attachment":[{"href":"https:\/\/esreviral.com\/index.php?rest_route=%2Fwp%2Fv2%2Fmedia&parent=2318"}],"wp:term":[{"taxonomy":"category","embeddable":true,"href":"https:\/\/esreviral.com\/index.php?rest_route=%2Fwp%2Fv2%2Fcategories&post=2318"},{"taxonomy":"post_tag","embeddable":true,"href":"https:\/\/esreviral.com\/index.php?rest_route=%2Fwp%2Fv2%2Ftags&post=2318"}],"curies":[{"name":"wp","href":"https:\/\/api.w.org\/{rel}","templated":true}]}}