{"id":23154,"date":"2022-08-31T11:47:52","date_gmt":"2022-08-31T14:47:52","guid":{"rendered":"https:\/\/esreviral.com\/?p=23154"},"modified":"2022-08-31T11:47:52","modified_gmt":"2022-08-31T14:47:52","slug":"enterate-aqui-cuanto-aumentara-la-luz-a-partir-de-manana","status":"publish","type":"post","link":"https:\/\/esreviral.com\/?p=23154","title":{"rendered":"Ent\u00e9rate aqu\u00ed cu\u00e1nto aumentar\u00e1 la luz a partir de ma\u00f1ana"},"content":{"rendered":"\n<p class=\"has-drop-cap\">Esta semana\u00a0se oficializaron los valores de la energ\u00eda mayorista para los meses de septiembre y octubre, con precios m\u00e1s altos para los usuarios de mayores ingresos (Nivel 1), que perder\u00e1n a partir del ma\u00f1ana, con el inicio de septiembre, una parte de los subsidios.\u00a0<strong>Seg\u00fan c\u00e1lculos de especialistas en el sector el impacto en el precio final de la factura rondar\u00eda el 35% a partir de septiembre<\/strong>.<\/p>\n\n\n\n<p>El precio mayorista de la energ\u00eda el\u00e9ctrica es uno de los componentes del precio final de la factura que pagan los usuarios, luego se suman el precio del transporte, de la distribuci\u00f3n y los impuestos. De acuerdo al esquema de quita, la eliminaci\u00f3n de subsidios&nbsp;<strong>para la electricidad se dar\u00e1 en tres etapas<\/strong>: un 20% en septiembre, 40% en noviembre y 40% en enero del a\u00f1o pr\u00f3ximo. Ser\u00e1 para los usuarios de m\u00e1s poder adquisitivo y los que no se hayan inscripto en el registro para mantener el beneficio.<\/p>\n\n\n\n<blockquote class=\"wp-block-quote td_quote_box td_box_center is-layout-flow wp-block-quote-is-layout-flow\"><p>La eliminaci\u00f3n de subsidios para la electricidad se dar\u00e1 en tres etapas: un 20% en septiembre, 40% en noviembre y 40% en enero del a\u00f1o pr\u00f3ximo<\/p><\/blockquote>\n\n\n\n<p>\u00bfCual ser\u00e1 el aumento final para enero de 2023, cuando se eliminen por completo los subsidios? Aun no puede calcularse porque n<strong>o se conoce el precio mayorista de la energ\u00eda a partir de noviembre<\/strong>. Los precios publicados hasta el momento (vigentes hasta octubre) indican que para los usuarios del Nivel 1 se encuentran entre 66% y 75% por encima de los precios anteriores y de los usuarios de los otros niveles, que mantienen los subsidios. Con todo, este no ser\u00e1 la suba que se ver\u00e1 reflejado en las facturas ya que el precio de la energ\u00eda representa aproximadamente un tercio del precio final que pagan los usuarios.<\/p>\n\n\n\n<p>Para los usuarios del Nivel 1, el precio estabilizado de la energ\u00eda (PEE) por MWh, la unidad de medida del sector, pasar\u00e1 en septiembre de $2.981 a $5.070, fuera de las horas pico o valle.<\/p>\n\n\n\n<figure class=\"wp-block-image size-large\"><img decoding=\"async\" src=\"https:\/\/www.infobae.com\/new-resizer\/Ykj5czV56SqOk6MYNE-IjXfF5z0=\/768x432\/filters:format(webp):quality(85)\/cloudfront-us-east-1.images.arcpublishing.com\/infobae\/XS5TDZ4JBRGQNH2OYIQV4TGDTE.jpg\" alt=\"\"\/><\/figure>\n\n\n\n<p>\u201cAun no sabemos cu\u00e1l ser\u00e1 el costo del precios mayorista del trimestre noviembre-enero. Y por lo tanto desconocemos la magnitud exacta de los pr\u00f3ximos aumentos. Ahora,&nbsp;<strong>si suponemos que el costo va a ser igual al trimestre agosto-octubre, faltar\u00eda un aumento del 170% en el precio de la energ\u00eda el\u00e9ctrica que tendr\u00eda un impacto en la boleta del 85% adicional al 35% de este primer aumento. Lo que en total es 150%,<\/strong>&nbsp;siempre de manera aproximada porque var\u00eda entre las provincias\u201d, estim\u00f3&nbsp;<strong>Juli\u00e1n Rojo<\/strong>, economista del Instituto Argentino de la Energ\u00eda General Mosconi.<\/p>\n\n\n\n<p>\u201cPero es importante destacar que hay que esperar a ver la programaci\u00f3n estacional de Cammesa, la compa\u00f1\u00eda administradora del mercado mayorista el\u00e9ctrico, para saber los costos.&nbsp;<strong>El impacto final exacto en la factura final lo vamos a saber cu\u00e1ndo se sancionen los cuadros tarifarios<\/strong>\u201d, aclar\u00f3.<\/p>\n\n\n\n<blockquote class=\"wp-block-quote td_quote_box td_box_center is-layout-flow wp-block-quote-is-layout-flow\"><p>El impacto final exacto en la factura final lo vamos a saber cu\u00e1ndo se sancionen los cuadros tarifarios (Juli\u00e1n Rojo)<\/p><\/blockquote>\n\n\n\n<p>Aun resta que el Gobierno oficialice&nbsp;<strong>los precios estacionales de la energ\u00eda para el Nivel 3 (ingresos medios)&nbsp;<\/strong>que siguen recibiendo tarifa subsidiada pero con un tope de consumo. Este l\u00edmite es de 400 kwh para los usuarios de todo el pa\u00eds y se extiende a 550 kwh para las ciudades donde no hay servicio de Gas Natural.<\/p>\n\n\n\n<p>Estos valores permiten a los entes reguladores de cada distrito del pa\u00eds elaborar los nuevos cuadros tarifarios, el requisito clave para que las distribuidoras puedan facturar con los nuevos precios sin subsidio. El ENRE solo abarca el territorio del AMBA.<\/p>\n\n\n\n<p>En las \u00faltimas semanas hubo des\u00e1nimo en el sector el\u00e9ctrico porque las empresas no tuvieron acceso a las listas de los clientes que dejar\u00e1n de recibir el aporte estatal. Seg\u00fan explicaron desde la Secretar\u00eda, uno de los cuellos de botella para avanzar m\u00e1s r\u00e1pidamente con el nuevo esquema fueron las listas de usuarios divididas en los tres niveles seg\u00fan los ingresos.<\/p>\n\n\n\n<p><img fetchpriority=\"high\" decoding=\"async\" height=\"1079\" width=\"1920\" srcset=\"https:\/\/www.infobae.com\/new-resizer\/HOOBPYlvY3cbR0KEjAwY4s7_nhk=\/420x236\/filters:format(webp):quality(85)\/cloudfront-us-east-1.images.arcpublishing.com\/infobae\/XQ2C2J2XPZFULI3JBU6JXUEBBQ.jpg 420w,https:\/\/www.infobae.com\/new-resizer\/UzTjKi2o6-1b_-5BY8vGZc1RLv4=\/768x432\/filters:format(webp):quality(85)\/cloudfront-us-east-1.images.arcpublishing.com\/infobae\/XQ2C2J2XPZFULI3JBU6JXUEBBQ.jpg 768w,https:\/\/www.infobae.com\/new-resizer\/ImAD5yTpev4tZdvZDqxCPIlFGf0=\/992x558\/filters:format(webp):quality(85)\/cloudfront-us-east-1.images.arcpublishing.com\/infobae\/XQ2C2J2XPZFULI3JBU6JXUEBBQ.jpg 992w,https:\/\/www.infobae.com\/new-resizer\/pClhaSTE1RagZRSPrflBnNFh9wE=\/1200x675\/filters:format(webp):quality(85)\/cloudfront-us-east-1.images.arcpublishing.com\/infobae\/XQ2C2J2XPZFULI3JBU6JXUEBBQ.jpg 1200w,https:\/\/www.infobae.com\/new-resizer\/4IEd4OH0beuW87ZxMJqDb7Aht0o=\/1440x810\/filters:format(webp):quality(85)\/cloudfront-us-east-1.images.arcpublishing.com\/infobae\/XQ2C2J2XPZFULI3JBU6JXUEBBQ.jpg 1440w\" alt=\"Flavia Roy\u00f3n y funcionarios de la Secretar\u00eda de Energ\u00eda durante la presentaci\u00f3n del nuevo esquema de subsidio\" class=\"\" src=\"https:\/\/cloudfront-us-east-1.images.arcpublishing.com\/infobae\/XQ2C2J2XPZFULI3JBU6JXUEBBQ.jpg\">Flavia Roy\u00f3n y funcionarios de la Secretar\u00eda de Energ\u00eda durante la presentaci\u00f3n del nuevo esquema de subsidio<\/p>\n\n\n\n<p>El punto de partida fueron los datos recolectados en el formulario online y en las oficinas de Anses de los usuarios que pidieron mantener los subsidios.&nbsp;<strong>Esa enorme base de datos \u2014hubo cerca de 9 millones de hogares que se inscribieron\u2014 luego tuvo que ser contrastada con los datos de los usuarios de cada jurisdicci\u00f3n<\/strong>.<\/p>\n\n\n\n<p>Los problemas se dieron en los casos de usuarios que cargaron mal sus datos (el n\u00famero de suministro del servicio no coincide con el domicilio declarado) y en la falta de actualizaci\u00f3n de la informaci\u00f3n de algunos entes reguladores o distribuidoras locales chicas. Desde la secretar\u00eda de Energ\u00eda destacaron que se hizo un enorme esfuerzo de modernizaci\u00f3n, ya que era la primera vez que se armaba una base de usuarios tan amplia y segmentada. Incluso se encontraron con&nbsp;<strong>peque\u00f1as cooperativas donde la informaci\u00f3n de los usuarios estaba sin digitalizar, escrita a mano<\/strong>.<\/p>\n\n\n\n<p>Otra demora se dio por la decisi\u00f3n de incluir, en forma temporal, a los beneficiarios de tarifa social en el sector de menores ingresos (Nivel 2), que mantienen los subsidios, aun en aquellos casos donde no se hayan inscripto en el registro. Esto demand\u00f3 cruces con otros organismos.<\/p>\n\n\n\n<p class=\"has-text-align-right\"><em><strong>Infobae.<\/strong><\/em><strong><em>&#8211;<\/em><\/strong><\/p>\n","protected":false},"excerpt":{"rendered":"<p>La quita de los subsidios ser\u00e1 gradual en tres etapas. Esta semana se conocieron los precios de la energ\u00eda mayorista hasta octubre, que representan un tercio en el precio final de la factura<\/p>\n","protected":false},"author":2,"featured_media":23155,"comment_status":"open","ping_status":"open","sticky":false,"template":"","format":"standard","meta":{"jnews-multi-image_gallery":[],"jnews_single_post":[],"jnews_primary_category":[],"jnews_social_meta":[],"jnews_review":[],"enable_review":"","type":"","name":"","summary":"","brand":"","sku":"","good":[],"bad":[],"score_override":"","override_value":"","rating":[],"price":[],"jnews_override_counter":[],"jnews_post_split":[],"footnotes":""},"categories":[61],"tags":[44,3875,2091,427,45,1820,316],"class_list":["post-23154","post","type-post","status-publish","format-standard","has-post-thumbnail","hentry","category-economia","tag-argentina","tag-aumentos-en-la-electricidad","tag-electricidad","tag-luz","tag-noticias","tag-segmentacion-de-tarifas","tag-tarifas"],"amp_enabled":true,"_links":{"self":[{"href":"https:\/\/esreviral.com\/index.php?rest_route=\/wp\/v2\/posts\/23154"}],"collection":[{"href":"https:\/\/esreviral.com\/index.php?rest_route=\/wp\/v2\/posts"}],"about":[{"href":"https:\/\/esreviral.com\/index.php?rest_route=\/wp\/v2\/types\/post"}],"author":[{"embeddable":true,"href":"https:\/\/esreviral.com\/index.php?rest_route=\/wp\/v2\/users\/2"}],"replies":[{"embeddable":true,"href":"https:\/\/esreviral.com\/index.php?rest_route=%2Fwp%2Fv2%2Fcomments&post=23154"}],"version-history":[{"count":0,"href":"https:\/\/esreviral.com\/index.php?rest_route=\/wp\/v2\/posts\/23154\/revisions"}],"wp:featuredmedia":[{"embeddable":true,"href":"https:\/\/esreviral.com\/index.php?rest_route=\/"}],"wp:attachment":[{"href":"https:\/\/esreviral.com\/index.php?rest_route=%2Fwp%2Fv2%2Fmedia&parent=23154"}],"wp:term":[{"taxonomy":"category","embeddable":true,"href":"https:\/\/esreviral.com\/index.php?rest_route=%2Fwp%2Fv2%2Fcategories&post=23154"},{"taxonomy":"post_tag","embeddable":true,"href":"https:\/\/esreviral.com\/index.php?rest_route=%2Fwp%2Fv2%2Ftags&post=23154"}],"curies":[{"name":"wp","href":"https:\/\/api.w.org\/{rel}","templated":true}]}}