{"id":23153,"date":"2022-08-31T11:50:07","date_gmt":"2022-08-31T14:50:07","guid":{"rendered":"https:\/\/esreviral.com\/?p=23153"},"modified":"2022-08-31T11:50:07","modified_gmt":"2022-08-31T14:50:07","slug":"se-devolvio-de-argentina-a-venezuela-y-ahora-integra-un-nuevo-movimiento-politico-en-su-pais","status":"publish","type":"post","link":"https:\/\/esreviral.com\/?p=23153","title":{"rendered":"Se devolvi\u00f3 de Argentina a Venezuela y ahora integra un nuevo movimiento pol\u00edtico en su pa\u00eds"},"content":{"rendered":"\n<p><strong><em>CIS.-<\/em><\/strong> Johan Cheverr\u00eda, es una persona con discapacidad que estuvo en Argentina por poco m\u00e1s de dos a\u00f1os. Buscaba mejoras de salud para su pareja que sufr\u00eda de un tumor. El a\u00f1o pasado volvi\u00f3 a Venezuela y ahora es parte del nuevo movimiento pol\u00edtico que estuvo en el CNE apartando el nombre de <a rel=\"noreferrer noopener\" href=\"https:\/\/twitter.com\/TodesDignidad\" target=\"_blank\">Unidos por la Dignidad<\/a>&nbsp;(UPD).<\/p>\n\n\n\n<p>\u00c9l junto a sus compa\u00f1eros, pretenden convertir en un movimiento pol\u00edtico que represente, seg\u00fan sus impulsores, a todas las<strong> \u00abcausas sociales olvidadas\u00bb<\/strong> en el pa\u00eds y no s\u00f3lo a la diversidad sexual, de hecho, aclararon que no son un movimiento LGTBIQ+.<\/p>\n\n\n\n<figure class=\"wp-block-video\"><video controls src=\"https:\/\/esreviral.com\/wp-content\/uploads\/2022\/08\/WhatsApp-Video-2022-08-30-at-7.44.38-PM.mp4\"><\/video><\/figure>\n\n\n\n<p>\u00abEs un supra movimiento nacional. La UPD se form\u00f3 con la finalidad de sumar a todos los movimientos sociales independientemente del partido que sea para llevar un proyecto de pa\u00eds e impulsarlo como partido o movimiento pol\u00edtico\u00bb, explic\u00f3 Cheverr\u00eda quien es miembro activo por el sector de personas con discapacidad. <\/p>\n\n\n\n<p>\u00abHasta ahora no hay un candidato a primarias, esperamos reunirnos con uno que lleve nuestros pensamientos y se pueda apoyar. Todos apostamos que sea algo nuevo y que en realidad cumpla con el proyecto que estamos presentando como movimiento\u00bb. <\/p>\n\n\n\n<p>Lea tambi\u00e9n: <a href=\"https:\/\/esreviral.com\/2021\/07\/16\/historia-de-un-venezolano-que-lucha-por-un-vuelo-de-repatriacion-con-la-pandemia-tuve-que-reinventarme-para-sobrevivir\/\">HISTORIA DE UN VENEZOLANO QUE LUCHA POR UN VUELO DE REPATRIACI\u00d3N: \u00abCON LA PANDEMIA TUVE QUE REINVENTARME PARA SOBREVIVIR\u00bb<\/a><\/p>\n\n\n\n<figure class=\"wp-block-image size-large\"><img decoding=\"async\" src=\"https:\/\/esreviral.com\/wp-content\/uploads\/2022\/08\/WhatsApp-Image-2022-08-30-at-7.42.39-PM-1024x813.jpeg\" alt=\"\" class=\"wp-image-23159\"\/><figcaption>Momento en que fueron recibidos en el CNE, acompa\u00f1ados de la dirigente pol\u00edtica Tamara Adri\u00e1n<\/figcaption><\/figure>\n","protected":false},"excerpt":{"rendered":"<p>CIS.- Johan Cheverr\u00eda, es una persona con discapacidad que estuvo en Argentina por poco m\u00e1s de dos a\u00f1os. Buscaba mejoras de salud para su pareja que sufr\u00eda de un tumor. El a\u00f1o pasado volvi\u00f3 a Venezuela y ahora es parte del nuevo movimiento pol\u00edtico que estuvo en el CNE apartando el nombre de Unidos por [&hellip;]<\/p>\n","protected":false},"author":2,"featured_media":23158,"comment_status":"open","ping_status":"open","sticky":false,"template":"","format":"standard","meta":{"jnews-multi-image_gallery":[],"jnews_single_post":[],"jnews_primary_category":[],"jnews_social_meta":[],"jnews_review":[],"enable_review":"","type":"","name":"","summary":"","brand":"","sku":"","good":[],"bad":[],"score_override":"","override_value":"","rating":[],"price":[],"jnews_override_counter":[],"jnews_post_split":[],"footnotes":""},"categories":[59,66],"tags":[45,112,67,56],"class_list":["post-23153","post","type-post","status-publish","format-standard","has-post-thumbnail","hentry","category-politica","category-venezuela","tag-noticias","tag-politica","tag-venezolanos-en-argentina","tag-venezuela"],"amp_enabled":true,"_links":{"self":[{"href":"https:\/\/esreviral.com\/index.php?rest_route=\/wp\/v2\/posts\/23153"}],"collection":[{"href":"https:\/\/esreviral.com\/index.php?rest_route=\/wp\/v2\/posts"}],"about":[{"href":"https:\/\/esreviral.com\/index.php?rest_route=\/wp\/v2\/types\/post"}],"author":[{"embeddable":true,"href":"https:\/\/esreviral.com\/index.php?rest_route=\/wp\/v2\/users\/2"}],"replies":[{"embeddable":true,"href":"https:\/\/esreviral.com\/index.php?rest_route=%2Fwp%2Fv2%2Fcomments&post=23153"}],"version-history":[{"count":0,"href":"https:\/\/esreviral.com\/index.php?rest_route=\/wp\/v2\/posts\/23153\/revisions"}],"wp:featuredmedia":[{"embeddable":true,"href":"https:\/\/esreviral.com\/index.php?rest_route=\/"}],"wp:attachment":[{"href":"https:\/\/esreviral.com\/index.php?rest_route=%2Fwp%2Fv2%2Fmedia&parent=23153"}],"wp:term":[{"taxonomy":"category","embeddable":true,"href":"https:\/\/esreviral.com\/index.php?rest_route=%2Fwp%2Fv2%2Fcategories&post=23153"},{"taxonomy":"post_tag","embeddable":true,"href":"https:\/\/esreviral.com\/index.php?rest_route=%2Fwp%2Fv2%2Ftags&post=23153"}],"curies":[{"name":"wp","href":"https:\/\/api.w.org\/{rel}","templated":true}]}}