{"id":2295,"date":"2020-12-03T17:03:24","date_gmt":"2020-12-03T17:03:24","guid":{"rendered":"http:\/\/esreviral.com\/?p=2295"},"modified":"2020-12-03T17:03:24","modified_gmt":"2020-12-03T17:03:24","slug":"envideo-patricia-bullrich-invito-a-los-venezolanos-a-participar-en-la-consulta-popular","status":"publish","type":"post","link":"https:\/\/esreviral.com\/?p=2295","title":{"rendered":"#ENVIDEO Patricia Bullrich invit\u00f3 a los venezolanos a participar en la Consulta Popular"},"content":{"rendered":"\n<p><strong><em>CIS.- <\/em><\/strong>La presidenta del PRO en Argentina, Patricia Bullrich, public\u00f3 un video en el que invita a los venezolanos a participar en la Consulta Popular propuesta por la Asamblea Nacional y no en el fraude electoral de Nicol\u00e1s Maduro. <\/p>\n\n\n\n<p>\u00abUna Consulta popular que tendr\u00eda como objetivo entender cu\u00e1les son los marcos de una verdadera elecci\u00f3n democr\u00e1tica\u00bb, afirm\u00f3.<\/p>\n\n\n\n<figure class=\"wp-block-embed-twitter wp-block-embed is-type-rich is-provider-twitter\"><div class=\"wp-block-embed__wrapper\">\n<blockquote class=\"twitter-tweet\" data-width=\"500\" data-dnt=\"true\"><p lang=\"es\" dir=\"ltr\"><a href=\"https:\/\/twitter.com\/hashtag\/03dic?src=hash&amp;ref_src=twsrc%5Etfw\">#03dic<\/a> la presidenta del PRO, <a href=\"https:\/\/twitter.com\/PatoBullrich?ref_src=twsrc%5Etfw\">@PatoBullrich<\/a> invit\u00f3 a los venezolanos a participar en la Consulta Popular y no en las elecciones parlamentarias de Maduro <a href=\"https:\/\/t.co\/xzBwuVVxts\">pic.twitter.com\/xzBwuVVxts<\/a><\/p>&mdash; ES RE VIRAL (@esreviral) <a href=\"https:\/\/twitter.com\/esreviral\/status\/1334542300828086272?ref_src=twsrc%5Etfw\">December 3, 2020<\/a><\/blockquote><script async src=\"https:\/\/platform.twitter.com\/widgets.js\" charset=\"utf-8\"><\/script>\n<\/div><\/figure>\n","protected":false},"excerpt":{"rendered":"<p>Asegur\u00f3 que de esta manera se entender\u00edan el marco de una verdadera elecci\u00f3n democr\u00e1tica<\/p>\n","protected":false},"author":2,"featured_media":2296,"comment_status":"open","ping_status":"open","sticky":false,"template":"","format":"standard","meta":{"jnews-multi-image_gallery":[],"jnews_single_post":[],"jnews_primary_category":[],"jnews_social_meta":[],"jnews_review":[],"enable_review":"","type":"","name":"","summary":"","brand":"","sku":"","good":[],"bad":[],"score_override":"","override_value":"","rating":[],"price":[],"jnews_override_counter":[],"jnews_post_split":[],"footnotes":""},"categories":[59],"tags":[45,391,67,56],"class_list":["post-2295","post","type-post","status-publish","format-standard","has-post-thumbnail","hentry","category-politica","tag-noticias","tag-patricia-bullrich","tag-venezolanos-en-argentina","tag-venezuela"],"amp_enabled":true,"_links":{"self":[{"href":"https:\/\/esreviral.com\/index.php?rest_route=\/wp\/v2\/posts\/2295"}],"collection":[{"href":"https:\/\/esreviral.com\/index.php?rest_route=\/wp\/v2\/posts"}],"about":[{"href":"https:\/\/esreviral.com\/index.php?rest_route=\/wp\/v2\/types\/post"}],"author":[{"embeddable":true,"href":"https:\/\/esreviral.com\/index.php?rest_route=\/wp\/v2\/users\/2"}],"replies":[{"embeddable":true,"href":"https:\/\/esreviral.com\/index.php?rest_route=%2Fwp%2Fv2%2Fcomments&post=2295"}],"version-history":[{"count":0,"href":"https:\/\/esreviral.com\/index.php?rest_route=\/wp\/v2\/posts\/2295\/revisions"}],"wp:featuredmedia":[{"embeddable":true,"href":"https:\/\/esreviral.com\/index.php?rest_route=\/"}],"wp:attachment":[{"href":"https:\/\/esreviral.com\/index.php?rest_route=%2Fwp%2Fv2%2Fmedia&parent=2295"}],"wp:term":[{"taxonomy":"category","embeddable":true,"href":"https:\/\/esreviral.com\/index.php?rest_route=%2Fwp%2Fv2%2Fcategories&post=2295"},{"taxonomy":"post_tag","embeddable":true,"href":"https:\/\/esreviral.com\/index.php?rest_route=%2Fwp%2Fv2%2Ftags&post=2295"}],"curies":[{"name":"wp","href":"https:\/\/api.w.org\/{rel}","templated":true}]}}