{"id":22927,"date":"2022-08-26T16:57:46","date_gmt":"2022-08-26T19:57:46","guid":{"rendered":"https:\/\/esreviral.com\/?p=22927"},"modified":"2022-08-26T16:57:46","modified_gmt":"2022-08-26T19:57:46","slug":"un-venezolano-fue-detenido-en-panama-acusado-de-abandonar-migrantes-en-la-selva","status":"publish","type":"post","link":"https:\/\/esreviral.com\/?p=22927","title":{"rendered":"Un venezolano fue detenido en Panam\u00e1 acusado de abandonar migrantes en la selva"},"content":{"rendered":"\n<p>Un venezolano fue detenido este jueves en la comarca Guna Yala, en Panam\u00e1, acusado por un grupo de 15 migrantes de supuestamente haberlos dejado abandonados en la selva.<\/p>\n\n\n\n<p>El mayor,\u00a0<strong>Ar\u00edstides Gobea<\/strong>, jefe del Batall\u00f3n Puerto Obald\u00eda, manifest\u00f3 que la brigada Caribe aprehendieron al ciudadano que se<strong> \u00abse presume de nacionalidad venezolana\u00bb <\/strong>es se\u00f1alado por un 15 personas, entre ellos ocho menores, de ser su gu\u00eda y coyote en la traves\u00eda para cruzar el Dari\u00e9n.<\/p>\n\n\n\n<blockquote class=\"wp-block-quote td_quote_box td_box_center is-layout-flow wp-block-quote-is-layout-flow\"><p>\u00abFueron trasladados a puerto seguro a Puerto Obald\u00eda, para realizar los tr\u00e1mites correspondientes con las autoridades por el posible delito de tr\u00e1fico de personas, como parte de la lucha frontal contra la delincuencia organizada trasnacional\u00bb, expres\u00f3.<\/p><\/blockquote>\n\n\n\n<p>Seg\u00fan cifras del Servicio Nacional de Migraci\u00f3n (SNM) de Panam\u00e1, <strong>hasta agosto, 71.012 inmigrantes han atravesado la selva del Dari\u00e9n, 44.943 de ellos venezolanos, lo que equivale al 63,28 % de los migrantes <\/strong>que se arriesgan a tomar esta v\u00eda para llegar a Estados Unidos.<\/p>\n\n\n\n<figure class=\"wp-block-embed is-type-rich is-provider-twitter wp-block-embed-twitter\"><div class=\"wp-block-embed__wrapper\">\n<blockquote class=\"twitter-tweet\" data-width=\"500\" data-dnt=\"true\"><p lang=\"es\" dir=\"ltr\">Aprehenden a un ciudadano de nacionalidad venezolana en Anachucuna, Comarca Guna Yala, luego de ser se\u00f1alado por un grupo de 15 migrantes, entre ellos 8 menores, como presunto &quot;coyote&quot;  y dejarlos abandonados en la selva. V\u00eda <a href=\"https:\/\/twitter.com\/senafrontpanama?ref_src=twsrc%5Etfw\">@senafrontpanama<\/a> <a href=\"https:\/\/twitter.com\/hashtag\/RadioPanama?src=hash&amp;ref_src=twsrc%5Etfw\">#RadioPanama<\/a> <a href=\"https:\/\/t.co\/GEJe2LWesY\">pic.twitter.com\/GEJe2LWesY<\/a><\/p>&mdash; Radio Panam\u00e1 (@radiopanama) <a href=\"https:\/\/twitter.com\/radiopanama\/status\/1562831987458854913?ref_src=twsrc%5Etfw\">August 25, 2022<\/a><\/blockquote><script async src=\"https:\/\/platform.twitter.com\/widgets.js\" charset=\"utf-8\"><\/script>\n<\/div><\/figure>\n","protected":false},"excerpt":{"rendered":"<p>Un venezolano fue detenido este jueves en la comarca Guna Yala, en Panam\u00e1, acusado por un grupo de 15 migrantes de supuestamente haberlos dejado abandonados en la selva. El mayor,\u00a0Ar\u00edstides Gobea, jefe del Batall\u00f3n Puerto Obald\u00eda, manifest\u00f3 que la brigada Caribe aprehendieron al ciudadano que se \u00abse presume de nacionalidad venezolana\u00bb es se\u00f1alado por un [&hellip;]<\/p>\n","protected":false},"author":2,"featured_media":22928,"comment_status":"open","ping_status":"open","sticky":false,"template":"","format":"standard","meta":{"jnews-multi-image_gallery":[],"jnews_single_post":[],"jnews_primary_category":[],"jnews_social_meta":[],"jnews_review":[],"enable_review":"","type":"","name":"","summary":"","brand":"","sku":"","good":[],"bad":[],"score_override":"","override_value":"","rating":[],"price":[],"jnews_override_counter":[],"jnews_post_split":[],"footnotes":""},"categories":[54,88],"tags":[2300,45,1002,3253,1003],"class_list":["post-22927","post","type-post","status-publish","format-standard","has-post-thumbnail","hentry","category-inmigracion","category-internacionales","tag-darien","tag-noticias","tag-panama","tag-selva-del-darien","tag-venezolanos-en-panama"],"amp_enabled":true,"_links":{"self":[{"href":"https:\/\/esreviral.com\/index.php?rest_route=\/wp\/v2\/posts\/22927"}],"collection":[{"href":"https:\/\/esreviral.com\/index.php?rest_route=\/wp\/v2\/posts"}],"about":[{"href":"https:\/\/esreviral.com\/index.php?rest_route=\/wp\/v2\/types\/post"}],"author":[{"embeddable":true,"href":"https:\/\/esreviral.com\/index.php?rest_route=\/wp\/v2\/users\/2"}],"replies":[{"embeddable":true,"href":"https:\/\/esreviral.com\/index.php?rest_route=%2Fwp%2Fv2%2Fcomments&post=22927"}],"version-history":[{"count":0,"href":"https:\/\/esreviral.com\/index.php?rest_route=\/wp\/v2\/posts\/22927\/revisions"}],"wp:featuredmedia":[{"embeddable":true,"href":"https:\/\/esreviral.com\/index.php?rest_route=\/"}],"wp:attachment":[{"href":"https:\/\/esreviral.com\/index.php?rest_route=%2Fwp%2Fv2%2Fmedia&parent=22927"}],"wp:term":[{"taxonomy":"category","embeddable":true,"href":"https:\/\/esreviral.com\/index.php?rest_route=%2Fwp%2Fv2%2Fcategories&post=22927"},{"taxonomy":"post_tag","embeddable":true,"href":"https:\/\/esreviral.com\/index.php?rest_route=%2Fwp%2Fv2%2Ftags&post=22927"}],"curies":[{"name":"wp","href":"https:\/\/api.w.org\/{rel}","templated":true}]}}