{"id":22920,"date":"2022-08-26T16:36:50","date_gmt":"2022-08-26T19:36:50","guid":{"rendered":"https:\/\/esreviral.com\/?p=22920"},"modified":"2022-08-26T16:36:50","modified_gmt":"2022-08-26T19:36:50","slug":"mujeres-lideres-de-17-paises-expresaron-su-apoyo-a-cristina-fernandez","status":"publish","type":"post","link":"https:\/\/esreviral.com\/?p=22920","title":{"rendered":"Mujeres l\u00edderes de 17 pa\u00edses expresaron su apoyo a Cristina Fern\u00e1ndez"},"content":{"rendered":"\n<p>M\u00e1s de 250 mujeres l\u00edderes de 17 pa\u00edses suscribieron un documento en apoyo a Cristina Fern\u00e1ndez de Kirchner por considerar que la vicepresidenta es v\u00edctima de una \u00abdescarada persecuci\u00f3n\u00bb y denunciaron que la causa denominada Vialidad es \u00abun cap\u00edtulo m\u00e1s de la estrategia del lawfare\u00bb en Am\u00e9rica Latina.<\/p>\n\n\n\n<p>Entre las firmas se encuentran la de la expresidenta brasile\u00f1a&nbsp;<strong>Dilma Rousseff<\/strong>; la senadora colombiana&nbsp;<strong>Piedad C\u00f3rdoba<\/strong>; la periodista espa\u00f1ola&nbsp;<strong>Pilar del R\u00edo<\/strong>; la fil\u00f3sofa&nbsp;<strong>Chantal Moufee<\/strong>, la ministra de la Presidencia de Bolivia,&nbsp;<strong>Mar\u00eda Nela Prada<\/strong>&nbsp;y la referente de Madres de Plaza de Mayo,&nbsp;<strong>Taty Almeyda<\/strong>; entre otras.<\/p>\n\n\n\n<p>El acompa\u00f1amiento se realiz\u00f3 mediante una declaraci\u00f3n que lleva la r\u00fabrica de las reconocidas mujeres en el que se afirma que&nbsp;<strong>la persecuci\u00f3n a la vicepresidenta \u00abobedece a su condici\u00f3n de mujer y lideresa que ha confrontado con sectores del poder y ha irrumpido en la pol\u00edtica para ampliar derechos para las mayor\u00edas del pueblo argentino\u00bb<\/strong>.<\/p>\n\n\n\n<p>\u201cSabemos tambi\u00e9n que las derechas reaccionarias han desplegado una violencia mis\u00f3gina muy particular contra las compa\u00f1eras que protagonizan y conducen fuerzas progresistas y populares\u201d, expresa el documento.<\/p>\n\n\n\n<p>En ese mismo sentido, se apunta contra \u00abla articulaci\u00f3n\u00bb de \u00abgrandes medios de comunicaci\u00f3n, corporaci\u00f3n judicial, grupos econ\u00f3micos y derecha antidemocr\u00e1tica para atacar los procesos populares y sus liderazgos\u00bb.<\/p>\n\n\n\n<p>\u00abEn el caso de Cristina, sobre la base de un proceso judicial que carece de todo sustento probatorio se ha montado una extraordinaria campa\u00f1a medi\u00e1tica de linchamiento que tiene el objetivo de proscribirla pol\u00edticamente para debilitar la acci\u00f3n del movimiento popula en su conjunto y la democracia en la regi\u00f3n\u00bb, destaca el escrito.<\/p>\n\n\n\n<p>Tambi\u00e9n suscribieron el documento la ministra de G\u00e9nero,\u00a0<strong>Elizabeth G\u00f3mez Alcorta<\/strong>; las senadoras\u00a0<strong>Juliana Di Tullio<\/strong>\u00a0y\u00a0<strong>Anabel Fern\u00e1ndez Sagasti<\/strong>; la diputada\u00a0<strong>Victoria Tolosa Paz<\/strong>; y la portavoz de la Presidencia,\u00a0<strong>Gabriela Cerruti<\/strong>.<\/p>\n\n\n\n<p class=\"has-text-align-right\"><strong><em>Telam.-<\/em><\/strong><\/p>\n","protected":false},"excerpt":{"rendered":"<p>M\u00e1s de 250 mujeres l\u00edderes de 17 pa\u00edses suscribieron un documento en apoyo a Cristina Fern\u00e1ndez de Kirchner por considerar que la vicepresidenta es v\u00edctima de una \u00abdescarada persecuci\u00f3n\u00bb y denunciaron que la causa denominada Vialidad es \u00abun cap\u00edtulo m\u00e1s de la estrategia del lawfare\u00bb en Am\u00e9rica Latina. Entre las firmas se encuentran la de [&hellip;]<\/p>\n","protected":false},"author":2,"featured_media":22921,"comment_status":"open","ping_status":"open","sticky":false,"template":"","format":"standard","meta":{"jnews-multi-image_gallery":[],"jnews_single_post":[],"jnews_primary_category":[],"jnews_social_meta":[],"jnews_review":[],"enable_review":"","type":"","name":"","summary":"","brand":"","sku":"","good":[],"bad":[],"score_override":"","override_value":"","rating":[],"price":[],"jnews_override_counter":[],"jnews_post_split":[],"footnotes":""},"categories":[88,59],"tags":[44,155,45],"class_list":["post-22920","post","type-post","status-publish","format-standard","has-post-thumbnail","hentry","category-internacionales","category-politica","tag-argentina","tag-cristina-fernandez-de-kirchner","tag-noticias"],"amp_enabled":true,"_links":{"self":[{"href":"https:\/\/esreviral.com\/index.php?rest_route=\/wp\/v2\/posts\/22920"}],"collection":[{"href":"https:\/\/esreviral.com\/index.php?rest_route=\/wp\/v2\/posts"}],"about":[{"href":"https:\/\/esreviral.com\/index.php?rest_route=\/wp\/v2\/types\/post"}],"author":[{"embeddable":true,"href":"https:\/\/esreviral.com\/index.php?rest_route=\/wp\/v2\/users\/2"}],"replies":[{"embeddable":true,"href":"https:\/\/esreviral.com\/index.php?rest_route=%2Fwp%2Fv2%2Fcomments&post=22920"}],"version-history":[{"count":0,"href":"https:\/\/esreviral.com\/index.php?rest_route=\/wp\/v2\/posts\/22920\/revisions"}],"wp:featuredmedia":[{"embeddable":true,"href":"https:\/\/esreviral.com\/index.php?rest_route=\/"}],"wp:attachment":[{"href":"https:\/\/esreviral.com\/index.php?rest_route=%2Fwp%2Fv2%2Fmedia&parent=22920"}],"wp:term":[{"taxonomy":"category","embeddable":true,"href":"https:\/\/esreviral.com\/index.php?rest_route=%2Fwp%2Fv2%2Fcategories&post=22920"},{"taxonomy":"post_tag","embeddable":true,"href":"https:\/\/esreviral.com\/index.php?rest_route=%2Fwp%2Fv2%2Ftags&post=22920"}],"curies":[{"name":"wp","href":"https:\/\/api.w.org\/{rel}","templated":true}]}}