{"id":2291,"date":"2020-12-03T16:37:03","date_gmt":"2020-12-03T16:37:03","guid":{"rendered":"http:\/\/esreviral.com\/?p=2291"},"modified":"2020-12-03T16:37:03","modified_gmt":"2020-12-03T16:37:03","slug":"murio-medico-en-plena-protesta-de-sus-colegas-para-conmemorar-su-dia","status":"publish","type":"post","link":"https:\/\/esreviral.com\/?p=2291","title":{"rendered":"Muri\u00f3 m\u00e9dico en plena protesta de sus colegas para conmemorar su d\u00eda"},"content":{"rendered":"\n<p>CIS.- En medio de la conmemoraci\u00f3n del D\u00eda del M\u00e9dico y en plena protesta de los galenos municipales para exigir un aumento de salarios y mejores condiciones , falleci\u00f3 uno de ellos, se trata del director de obstetricia del Hospital Ramos Mej\u00edas. <\/p>\n\n\n\n<p>\u00abSufri\u00f3 un episodio y lo trasladamos al Penna. Aparentemente, es un paro card\u00edaco\u00bb, dijo al canal\u00a0<em>C5N<\/em>\u00a0una de las profesionales que se manifestaba esta ma\u00f1ana.<\/p>\n\n\n\n<figure class=\"wp-block-image size-large\"><img decoding=\"async\" src=\"http:\/\/esreviral.com\/wp-content\/uploads\/2020\/12\/murio-medico-1024x685.jpg\" alt=\"\" class=\"wp-image-2292\"\/><figcaption>Alejandro Hakim de 59 a\u00f1os, estaba marchando por Avenida Caseros<\/figcaption><\/figure>\n\n\n\n<p>Seg\u00fan el diario La Naci\u00f3n, Alejandro Hakim de 59 a\u00f1os, estaba marchando por Avenida Caseros junto a sus compa\u00f1eros cuando cay\u00f3 inconsciente. Pese al esfuerzo de sus colegas, no pudo sobrevivir y muri\u00f3 camino al Penna. El obstetra estaba casado y ten\u00eda dos hijos. Adem\u00e1s de su labor en el Ramos Mej\u00eda, integraba la comisi\u00f3n directiva de la Asociaci\u00f3n Argentina de controversias en Obstetricia y Ginecolog\u00eda (Aacog).<\/p>\n\n\n\n<p id=\"la-protesta\"><strong><span style=\"background-color:#9a1b22\" class=\"td_text_highlight_marker\">El reclamo<\/span><\/strong><\/p>\n\n\n\n<p>Jorge Gilardi, el presidente de la Asociaci\u00f3n de M\u00e9dicos Municipales de la Ciudad, Jorge Gilardi, explic\u00f3 que hay un paro hasta las 14:30 y aclar\u00f3 que hay guardias m\u00ednimas para las emergencias. \u00abQueremos expresar al Gobierno nuestra disconformidad con la paritaria del 23% de 2020\u00bb.<\/p>\n","protected":false},"excerpt":{"rendered":"<p>Los galenos exigen mejoras salariales <\/p>\n","protected":false},"author":2,"featured_media":2293,"comment_status":"open","ping_status":"open","sticky":false,"template":"","format":"standard","meta":{"jnews-multi-image_gallery":[],"jnews_single_post":[],"jnews_primary_category":[],"jnews_social_meta":[],"jnews_review":[],"enable_review":"","type":"","name":"","summary":"","brand":"","sku":"","good":[],"bad":[],"score_override":"","override_value":"","rating":[],"price":[],"jnews_override_counter":[],"jnews_post_split":[],"footnotes":""},"categories":[43,58],"tags":[124,123,390,45,362],"class_list":["post-2291","post","type-post","status-publish","format-standard","has-post-thumbnail","hentry","category-actualidad","category-argentina","tag-buenos-aires","tag-informacion","tag-medicos","tag-noticias","tag-paro-medico"],"amp_enabled":true,"_links":{"self":[{"href":"https:\/\/esreviral.com\/index.php?rest_route=\/wp\/v2\/posts\/2291"}],"collection":[{"href":"https:\/\/esreviral.com\/index.php?rest_route=\/wp\/v2\/posts"}],"about":[{"href":"https:\/\/esreviral.com\/index.php?rest_route=\/wp\/v2\/types\/post"}],"author":[{"embeddable":true,"href":"https:\/\/esreviral.com\/index.php?rest_route=\/wp\/v2\/users\/2"}],"replies":[{"embeddable":true,"href":"https:\/\/esreviral.com\/index.php?rest_route=%2Fwp%2Fv2%2Fcomments&post=2291"}],"version-history":[{"count":0,"href":"https:\/\/esreviral.com\/index.php?rest_route=\/wp\/v2\/posts\/2291\/revisions"}],"wp:featuredmedia":[{"embeddable":true,"href":"https:\/\/esreviral.com\/index.php?rest_route=\/"}],"wp:attachment":[{"href":"https:\/\/esreviral.com\/index.php?rest_route=%2Fwp%2Fv2%2Fmedia&parent=2291"}],"wp:term":[{"taxonomy":"category","embeddable":true,"href":"https:\/\/esreviral.com\/index.php?rest_route=%2Fwp%2Fv2%2Fcategories&post=2291"},{"taxonomy":"post_tag","embeddable":true,"href":"https:\/\/esreviral.com\/index.php?rest_route=%2Fwp%2Fv2%2Ftags&post=2291"}],"curies":[{"name":"wp","href":"https:\/\/api.w.org\/{rel}","templated":true}]}}