{"id":22865,"date":"2022-08-25T12:14:15","date_gmt":"2022-08-25T15:14:15","guid":{"rendered":"https:\/\/esreviral.com\/?p=22865"},"modified":"2022-08-25T12:14:15","modified_gmt":"2022-08-25T15:14:15","slug":"yordano-ha-sido-reconocido-con-el-grammy-a-la-excelencia-musical","status":"publish","type":"post","link":"https:\/\/esreviral.com\/?p=22865","title":{"rendered":"Yordano ha sido reconocido con el Grammy a la Excelencia Musical"},"content":{"rendered":"\n<p class=\"has-drop-cap\">El cantautor Yordano ha sido reconocido con el Grammy a la Excelencia Musical. La Academia Latina de de la Grabaci\u00f3n anunci\u00f3 este jueves que el venezolano recibir\u00e1 el galard\u00f3n en una ceremonia que se celebrar\u00e1 el 16 de noviembre en Las Vegas.<\/p>\n\n\n\n<p>Yordano,\u00a0quien\u00a0este a\u00f1o celebra 40 a\u00f1os de\u00a0su famosa carrera\u00a0musical,\u00a0ser\u00e1 homenajeado\u00a0junto a Rosario Flores, Myriam Hern\u00e1ndez, Rita Lee y Amanda Miguel.<\/p>\n\n\n\n<p>\u00abLos logros colectivos de este extraordinario grupo de artistas y sus contribuciones a la m\u00fasica latina son incalculables\u00bb, dijo Manuel Abud, CEO de la Academia Latina de la Grabaci\u00f3n. \u00abSer\u00e1 un gran privilegio honrar a estas legendarias figuras durante la Semana del Latin Grammy en Las Vegas\u00bb.<\/p>\n\n\n\n<figure class=\"wp-block-embed aligncenter is-type-rich is-provider-twitter wp-block-embed-twitter\"><div class=\"wp-block-embed__wrapper\">\n<blockquote class=\"twitter-tweet\" data-width=\"500\" data-dnt=\"true\"><p lang=\"es\" dir=\"ltr\">\u00a1Felicidades <a href=\"https:\/\/twitter.com\/YordanoOficial?ref_src=twsrc%5Etfw\">@YordanoOficial<\/a>! Premio a la Excelencia Musical 2022 \ud83c\udfb6\ud83d\udc4f\ud83d\udc4f <br>El cantautor tiene cerca de 40 a\u00f1os de carrera musical transformando la m\u00fasica latina con su visi\u00f3n po\u00e9tica en g\u00e9neros como el pop cosmopolita, balada y ritmos tropicales. Celebramos su legado. <a href=\"https:\/\/twitter.com\/hashtag\/LatinGRAMMY?src=hash&amp;ref_src=twsrc%5Etfw\">#LatinGRAMMY<\/a> <a href=\"https:\/\/t.co\/fLjgtvKHhH\">pic.twitter.com\/fLjgtvKHhH<\/a><\/p>&mdash; The Latin Recording Academy \/ Latin GRAMMYs (@LatinGRAMMYs) <a href=\"https:\/\/twitter.com\/LatinGRAMMYs\/status\/1562805250259824641?ref_src=twsrc%5Etfw\">August 25, 2022<\/a><\/blockquote><script async src=\"https:\/\/platform.twitter.com\/widgets.js\" charset=\"utf-8\"><\/script>\n<\/div><\/figure>\n\n\n\n<blockquote class=\"wp-block-quote td_quote_box td_box_center is-layout-flow wp-block-quote-is-layout-flow\"><p>\u00abEl cantautor \u00edtalo-venezolano Yordano ha transformado la m\u00fasica latina con su visi\u00f3n po\u00e9tica y un delicado cancionero que se inspira en el pop cosmopolita, las cadencias tropicales y la balada rom\u00e1ntica\u00bb, dijo la Academia en un comunicado.<\/p><\/blockquote>\n\n\n\n<p>La primera entrega del premio que concede la Academia Latina de la Grabaci\u00f3n se realiz\u00f3 en 2004 honr\u00f3 a Mercedes Sosa, Jos\u00e9 Jos\u00e9, Roberto Carlos, Willie Col\u00f3n y Antonio Aguilar. \u00a0Desde entonces,\u00a0los premios han sido entregados\u00a0a m\u00fasicos de Argentina, Brasil, Chile, Colombia, Cuba, Rep\u00fablica Dominicana, M\u00e9xico, Per\u00fa, Portugal, Puerto Rico, Espa\u00f1a, Estados Unidos, Uruguay y Venezuela. <\/p>\n\n\n\n<p>Yordano Di Marzo se una lista que tambi\u00e9n incluye a Oscar D\u2019Le\u00f3n (2013), Ricardo Montaner (2016), Ilan Chester (2017) y Jos\u00e9 Luis Rodr\u00edguez (2019).<\/p>\n\n\n\n<blockquote class=\"wp-block-quote td_quote_box td_box_center is-layout-flow wp-block-quote-is-layout-flow\"><p>\u00abSiento emoci\u00f3n, siento el deseo de seguir adelante. Esto premia mi trabajo durante 41 a\u00f1os y me siento muy contento. He sido apoyado por todo el mundo\u00bb, dijo el Sonero del Mundo en ese entonces.<\/p><\/blockquote>\n\n\n\n<p>\u00abEs un reconocimiento a tantos a\u00f1os de transitar por el mundo de la m\u00fasica. Me siento como mi canci\u00f3n \u2018Agradecido\u00bb, dijo su momento El Puma.<\/p>\n\n\n\n<p>El a\u00f1o pasado, los cantantes Martinho da Vila, Pete Escovedo\/ Sheila E, Fito P\u00e1ez, Milly Quezada, Joaqu\u00edn Sabina, Gilberto Santa Rosa y Emmanuel, quieb recientemente se present\u00f3 en Venezuela, fueron reconocidos con el Premio Grammy a la Excelencia Musical.<\/p>\n\n\n\n<p>Este a\u00f1o la ceremonia del Grammy Latino se celebrar\u00e1 el jueves 17 de noviembre en el Mandalay Bay Convention Center de Las Vegas.<\/p>\n\n\n\n<p class=\"has-text-align-right\"><em><strong>ElNacional<\/strong><\/em>.-<\/p>\n","protected":false},"excerpt":{"rendered":"<p>El cantautor, que este a\u00f1o celebra 40 a\u00f1os de trayectoria, recibir\u00e1 el galard\u00f3n por su contribuci\u00f3n a la m\u00fasica latina en una ceremonia que tendr\u00e1 lugar en Las Vegas el 16 de noviembre. Se suma a una lista que tambi\u00e9n incluye a Oscar D&#8217;Le\u00f3n, Jos\u00e9 Luis Rodr\u00edguez, Ilan Chester y Ricardo Montaner<\/p>\n","protected":false},"author":2,"featured_media":22866,"comment_status":"open","ping_status":"open","sticky":false,"template":"","format":"standard","meta":{"jnews-multi-image_gallery":[],"jnews_single_post":[],"jnews_primary_category":[],"jnews_social_meta":[],"jnews_review":[],"enable_review":"","type":"","name":"","summary":"","brand":"","sku":"","good":[],"bad":[],"score_override":"","override_value":"","rating":[],"price":[],"jnews_override_counter":[],"jnews_post_split":[],"footnotes":""},"categories":[50],"tags":[1975,1798,1720,45,3447,3977],"class_list":["post-22865","post","type-post","status-publish","format-standard","has-post-thumbnail","hentry","category-entretenimiento","tag-celebridades","tag-celebrities","tag-grammy","tag-noticias","tag-premios-grammy","tag-yordano"],"_links":{"self":[{"href":"https:\/\/esreviral.com\/index.php?rest_route=\/wp\/v2\/posts\/22865","targetHints":{"allow":["GET"]}}],"collection":[{"href":"https:\/\/esreviral.com\/index.php?rest_route=\/wp\/v2\/posts"}],"about":[{"href":"https:\/\/esreviral.com\/index.php?rest_route=\/wp\/v2\/types\/post"}],"author":[{"embeddable":true,"href":"https:\/\/esreviral.com\/index.php?rest_route=\/wp\/v2\/users\/2"}],"replies":[{"embeddable":true,"href":"https:\/\/esreviral.com\/index.php?rest_route=%2Fwp%2Fv2%2Fcomments&post=22865"}],"version-history":[{"count":0,"href":"https:\/\/esreviral.com\/index.php?rest_route=\/wp\/v2\/posts\/22865\/revisions"}],"wp:featuredmedia":[{"embeddable":true,"href":"https:\/\/esreviral.com\/index.php?rest_route=\/"}],"wp:attachment":[{"href":"https:\/\/esreviral.com\/index.php?rest_route=%2Fwp%2Fv2%2Fmedia&parent=22865"}],"wp:term":[{"taxonomy":"category","embeddable":true,"href":"https:\/\/esreviral.com\/index.php?rest_route=%2Fwp%2Fv2%2Fcategories&post=22865"},{"taxonomy":"post_tag","embeddable":true,"href":"https:\/\/esreviral.com\/index.php?rest_route=%2Fwp%2Fv2%2Ftags&post=22865"}],"curies":[{"name":"wp","href":"https:\/\/api.w.org\/{rel}","templated":true}]}}