{"id":22860,"date":"2022-08-25T11:40:10","date_gmt":"2022-08-25T14:40:10","guid":{"rendered":"https:\/\/esreviral.com\/?p=22860"},"modified":"2022-08-25T11:40:10","modified_gmt":"2022-08-25T14:40:10","slug":"quien-es-el-nuevo-embajador-de-colombia-en-venezuela","status":"publish","type":"post","link":"https:\/\/esreviral.com\/?p=22860","title":{"rendered":"Qu\u00eden es el nuevo embajador de Colombia en Venezuela"},"content":{"rendered":"\n<p class=\"has-drop-cap\">En el\u00a0proceso de\u00a0restablecimiento de relaciones entre Colombia y Venezuela, el presidente Gustavo Petro asever\u00f3\u00a0que la ruptura de\u00a0relaciones entre ambos pa\u00edses\u00a0en el pasado fue un\u00a0grave\u00a0error que provoc\u00f3 la violacion de derechos humanos sobre todo de la poblaci\u00f3n fronteriza.<\/p>\n\n\n\n<p>Estas declaraciones se dan en el marco\u00a0de la\u00a0designaci\u00f3n\u00a0de Armando\u00a0Benedetti,\u00a0nuevo embajador de Colombia en Venezuela.<\/p>\n\n\n\n<p>En el acto oficial, Petro le pidi\u00f3 a Benedetti establecer todos los lazos con Venezuela y que los 16 c\u00f3nsules sean de carrera.<\/p>\n\n\n\n<blockquote class=\"wp-block-quote td_quote_box td_box_center is-layout-flow wp-block-quote-is-layout-flow\"><p><strong>\u00abEmbajador, vaya usted y mire c\u00f3mo est\u00e1 la casa de Colombia, all\u00e1\u00bb, dijo Petro. \u00abHay 16 consulados que hay que llenar, hemos hablado de personas de carrera diplom\u00e1tica, todos, los 16. Hay que reparar los da\u00f1os en las casas y el da\u00f1o en los corazones. El primero. Para que nunca nadie se le ocurra que entre Venezuela y Colombia tiene que haber un conflicto, una guerra o cosas as\u00ed, por el estilo<\/strong>\u00ab, agreg\u00f3 el mandatario.<\/p><\/blockquote>\n\n\n\n<figure class=\"wp-block-image size-full\"><img decoding=\"async\" src=\"https:\/\/esreviral.com\/wp-content\/uploads\/2022\/08\/Logopit_1661389848448.jpg\" alt=\"\" class=\"wp-image-22862\"\/><\/figure>\n\n\n\n<p>Gustavo Petro reiter\u00f3 su inter\u00e9s en restablecer las relaciones culturales, econ\u00f3micas, sociales con Venezuela \u00aby la posibilidad de tener un futuro com\u00fan\u00bb, precis\u00f3.<\/p>\n\n\n\n<p class=\"has-text-align-right\"><em><strong>unionradio.n<\/strong><\/em><strong><em>et.-<\/em><\/strong><\/p>\n","protected":false},"excerpt":{"rendered":"<p>En un evento en la Casa de Nari\u00f1o, el presidente Gustavo Petro posesion\u00f3 oficialmente a Benedetti y le encarg\u00f3 una misi\u00f3n especial<\/p>\n","protected":false},"author":2,"featured_media":22861,"comment_status":"open","ping_status":"open","sticky":false,"template":"","format":"standard","meta":{"jnews-multi-image_gallery":[],"jnews_single_post":[],"jnews_primary_category":[],"jnews_social_meta":[],"jnews_review":[],"enable_review":"","type":"","name":"","summary":"","brand":"","sku":"","good":[],"bad":[],"score_override":"","override_value":"","rating":[],"price":[],"jnews_override_counter":[],"jnews_post_split":[],"footnotes":""},"categories":[88],"tags":[3976,283,1549,45,56],"class_list":["post-22860","post","type-post","status-publish","format-standard","has-post-thumbnail","hentry","category-internacionales","tag-armando-benedetti","tag-colombia","tag-gustavo-petro","tag-noticias","tag-venezuela"],"_links":{"self":[{"href":"https:\/\/esreviral.com\/index.php?rest_route=\/wp\/v2\/posts\/22860","targetHints":{"allow":["GET"]}}],"collection":[{"href":"https:\/\/esreviral.com\/index.php?rest_route=\/wp\/v2\/posts"}],"about":[{"href":"https:\/\/esreviral.com\/index.php?rest_route=\/wp\/v2\/types\/post"}],"author":[{"embeddable":true,"href":"https:\/\/esreviral.com\/index.php?rest_route=\/wp\/v2\/users\/2"}],"replies":[{"embeddable":true,"href":"https:\/\/esreviral.com\/index.php?rest_route=%2Fwp%2Fv2%2Fcomments&post=22860"}],"version-history":[{"count":0,"href":"https:\/\/esreviral.com\/index.php?rest_route=\/wp\/v2\/posts\/22860\/revisions"}],"wp:featuredmedia":[{"embeddable":true,"href":"https:\/\/esreviral.com\/index.php?rest_route=\/"}],"wp:attachment":[{"href":"https:\/\/esreviral.com\/index.php?rest_route=%2Fwp%2Fv2%2Fmedia&parent=22860"}],"wp:term":[{"taxonomy":"category","embeddable":true,"href":"https:\/\/esreviral.com\/index.php?rest_route=%2Fwp%2Fv2%2Fcategories&post=22860"},{"taxonomy":"post_tag","embeddable":true,"href":"https:\/\/esreviral.com\/index.php?rest_route=%2Fwp%2Fv2%2Ftags&post=22860"}],"curies":[{"name":"wp","href":"https:\/\/api.w.org\/{rel}","templated":true}]}}