{"id":22797,"date":"2022-08-24T19:18:04","date_gmt":"2022-08-24T22:18:04","guid":{"rendered":"https:\/\/esreviral.com\/?p=22797"},"modified":"2022-08-24T19:18:04","modified_gmt":"2022-08-24T22:18:04","slug":"presidentes-de-cuatro-paises-latinos-firmaron-un-comunicado-en-apoyo-a-cristina-fernandez","status":"publish","type":"post","link":"https:\/\/esreviral.com\/?p=22797","title":{"rendered":"Presidentes de cuatro pa\u00edses latinos, firmaron un comunicado en apoyo a Cristina Fern\u00e1ndez"},"content":{"rendered":"\n<p>Los presidentes de Argentina, Alberto Fern\u00e1ndez; Bolivia, luis Arce; M\u00e9xico, Manuel L\u00f3pez Obrador y Colombia, Gustavo Petro,<strong> expresaron su rotundo apoyo a la vicepresidenta Cristina Fern\u00e1ndez de Kirchner. <\/strong><\/p>\n\n\n\n<p>\u00abManifestamos nuestro m\u00e1s absoluto rechazo ante la injustificable persecuci\u00f3n judicial que viene sufriendo la actual vicepresidenta (&#8230;) <strong>Dicha persecuci\u00f3n tiene como objetivo apartar a Cristina Fern\u00e1ndez de Kirchner de la vida p\u00fablica, pol\u00edtica y electoral,<\/strong> as\u00ed como sepultar los valores e ideales que representa, con el objetivo final de implantar un modelo neoliberal\u00bb, reza el documento que fue difundido por la vocera del Gobierno, Gabriela Cerutti. <\/p>\n\n\n\n<p>\u00ab<strong>Exigimos que se tomen en cuenta las conclusiones del Informe<br>de la Relator\u00eda Especial de Naciones Unidas de 2019<\/strong> que cuestionaba la independencia de los magistrados y abogados involucrados en varias de estas causas\u00bb.<\/p>\n\n\n\n<p>Lea tambi\u00e9n: <\/p>\n\n\n\n<figure class=\"wp-block-image size-large\"><img decoding=\"async\" src=\"https:\/\/esreviral.com\/wp-content\/uploads\/2022\/08\/Captura-de-Pantalla-2022-08-24-a-las-19.10.57-865x1024.png\" alt=\"\" class=\"wp-image-22798\"\/><\/figure>\n","protected":false},"excerpt":{"rendered":"<p>Los presidentes de Argentina, Alberto Fern\u00e1ndez; Bolivia, luis Arce; M\u00e9xico, Manuel L\u00f3pez Obrador y Colombia, Gustavo Petro, expresaron su rotundo apoyo a la vicepresidenta Cristina Fern\u00e1ndez de Kirchner. \u00abManifestamos nuestro m\u00e1s absoluto rechazo ante la injustificable persecuci\u00f3n judicial que viene sufriendo la actual vicepresidenta (&#8230;) Dicha persecuci\u00f3n tiene como objetivo apartar a Cristina Fern\u00e1ndez de [&hellip;]<\/p>\n","protected":false},"author":2,"featured_media":22799,"comment_status":"open","ping_status":"open","sticky":false,"template":"","format":"standard","meta":{"jnews-multi-image_gallery":[],"jnews_single_post":[],"jnews_primary_category":[],"jnews_social_meta":[],"jnews_review":[],"enable_review":"","type":"","name":"","summary":"","brand":"","sku":"","good":[],"bad":[],"score_override":"","override_value":"","rating":[],"price":[],"jnews_override_counter":[],"jnews_post_split":[],"footnotes":""},"categories":[88,59],"tags":[44,155,45],"class_list":["post-22797","post","type-post","status-publish","format-standard","has-post-thumbnail","hentry","category-internacionales","category-politica","tag-argentina","tag-cristina-fernandez-de-kirchner","tag-noticias"],"amp_enabled":true,"_links":{"self":[{"href":"https:\/\/esreviral.com\/index.php?rest_route=\/wp\/v2\/posts\/22797"}],"collection":[{"href":"https:\/\/esreviral.com\/index.php?rest_route=\/wp\/v2\/posts"}],"about":[{"href":"https:\/\/esreviral.com\/index.php?rest_route=\/wp\/v2\/types\/post"}],"author":[{"embeddable":true,"href":"https:\/\/esreviral.com\/index.php?rest_route=\/wp\/v2\/users\/2"}],"replies":[{"embeddable":true,"href":"https:\/\/esreviral.com\/index.php?rest_route=%2Fwp%2Fv2%2Fcomments&post=22797"}],"version-history":[{"count":0,"href":"https:\/\/esreviral.com\/index.php?rest_route=\/wp\/v2\/posts\/22797\/revisions"}],"wp:featuredmedia":[{"embeddable":true,"href":"https:\/\/esreviral.com\/index.php?rest_route=\/"}],"wp:attachment":[{"href":"https:\/\/esreviral.com\/index.php?rest_route=%2Fwp%2Fv2%2Fmedia&parent=22797"}],"wp:term":[{"taxonomy":"category","embeddable":true,"href":"https:\/\/esreviral.com\/index.php?rest_route=%2Fwp%2Fv2%2Fcategories&post=22797"},{"taxonomy":"post_tag","embeddable":true,"href":"https:\/\/esreviral.com\/index.php?rest_route=%2Fwp%2Fv2%2Ftags&post=22797"}],"curies":[{"name":"wp","href":"https:\/\/api.w.org\/{rel}","templated":true}]}}